{"id":692,"count":1,"description":"","link":"https:\/\/pos.uel.br\/pecem\/palavra-chave\/relacoes-linguisticas\/","name":"rela\u00e7\u00f5es lingu\u00edsticas","slug":"relacoes-linguisticas","taxonomy":"palavra-chave","meta":[],"acf":[],"_links":{"self":[{"href":"https:\/\/pos.uel.br\/pecem\/wp-json\/wp\/v2\/palavra-chave\/692","targetHints":{"allow":["GET"]}}],"collection":[{"href":"https:\/\/pos.uel.br\/pecem\/wp-json\/wp\/v2\/palavra-chave"}],"about":[{"href":"https:\/\/pos.uel.br\/pecem\/wp-json\/wp\/v2\/taxonomies\/palavra-chave"}]}}