{"id":639,"count":2,"description":"","link":"https:\/\/pos.uel.br\/pecem\/palavra-chave\/formacao-matematica-dos-professores\/","name":"forma\u00e7\u00e3o matem\u00e1tica dos professores","slug":"formacao-matematica-dos-professores","taxonomy":"palavra-chave","meta":[],"acf":[],"_links":{"self":[{"href":"https:\/\/pos.uel.br\/pecem\/wp-json\/wp\/v2\/palavra-chave\/639","targetHints":{"allow":["GET"]}}],"collection":[{"href":"https:\/\/pos.uel.br\/pecem\/wp-json\/wp\/v2\/palavra-chave"}],"about":[{"href":"https:\/\/pos.uel.br\/pecem\/wp-json\/wp\/v2\/taxonomies\/palavra-chave"}]}}