{"id":57,"count":2,"description":"","link":"https:\/\/pos.uel.br\/pecem\/palavra-chave\/psicanalise-e-educacao\/","name":"psican\u00e1lise e educa\u00e7\u00e3o","slug":"psicanalise-e-educacao","taxonomy":"palavra-chave","meta":[],"acf":[],"_links":{"self":[{"href":"https:\/\/pos.uel.br\/pecem\/wp-json\/wp\/v2\/palavra-chave\/57","targetHints":{"allow":["GET"]}}],"collection":[{"href":"https:\/\/pos.uel.br\/pecem\/wp-json\/wp\/v2\/palavra-chave"}],"about":[{"href":"https:\/\/pos.uel.br\/pecem\/wp-json\/wp\/v2\/taxonomies\/palavra-chave"}]}}