{"id":569,"count":1,"description":"","link":"https:\/\/pos.uel.br\/pecem\/palavra-chave\/acao-do-professor-de-matematica-em-sala-de-aula\/","name":"a\u00e7\u00e3o do professor de matem\u00e1tica em sala de aula","slug":"acao-do-professor-de-matematica-em-sala-de-aula","taxonomy":"palavra-chave","meta":[],"acf":[],"_links":{"self":[{"href":"https:\/\/pos.uel.br\/pecem\/wp-json\/wp\/v2\/palavra-chave\/569","targetHints":{"allow":["GET"]}}],"collection":[{"href":"https:\/\/pos.uel.br\/pecem\/wp-json\/wp\/v2\/palavra-chave"}],"about":[{"href":"https:\/\/pos.uel.br\/pecem\/wp-json\/wp\/v2\/taxonomies\/palavra-chave"}]}}