{"id":567,"count":2,"description":"","link":"https:\/\/pos.uel.br\/pecem\/palavra-chave\/denotacao-e-conotacao\/","name":"denota\u00e7\u00e3o e conota\u00e7\u00e3o","slug":"denotacao-e-conotacao","taxonomy":"palavra-chave","meta":[],"acf":[],"_links":{"self":[{"href":"https:\/\/pos.uel.br\/pecem\/wp-json\/wp\/v2\/palavra-chave\/567","targetHints":{"allow":["GET"]}}],"collection":[{"href":"https:\/\/pos.uel.br\/pecem\/wp-json\/wp\/v2\/palavra-chave"}],"about":[{"href":"https:\/\/pos.uel.br\/pecem\/wp-json\/wp\/v2\/taxonomies\/palavra-chave"}]}}