{"id":482,"count":1,"description":"","link":"https:\/\/pos.uel.br\/pecem\/palavra-chave\/representacoes-semiotica\/","name":"representa\u00e7\u00f5es semi\u00f3tica","slug":"representacoes-semiotica","taxonomy":"palavra-chave","meta":[],"acf":[],"_links":{"self":[{"href":"https:\/\/pos.uel.br\/pecem\/wp-json\/wp\/v2\/palavra-chave\/482","targetHints":{"allow":["GET"]}}],"collection":[{"href":"https:\/\/pos.uel.br\/pecem\/wp-json\/wp\/v2\/palavra-chave"}],"about":[{"href":"https:\/\/pos.uel.br\/pecem\/wp-json\/wp\/v2\/taxonomies\/palavra-chave"}]}}