{"id":380,"count":1,"description":"","link":"https:\/\/pos.uel.br\/pecem\/palavra-chave\/interacao-nao-verbal\/","name":"intera\u00e7\u00e3o n\u00e3o verbal","slug":"interacao-nao-verbal","taxonomy":"palavra-chave","meta":[],"acf":[],"_links":{"self":[{"href":"https:\/\/pos.uel.br\/pecem\/wp-json\/wp\/v2\/palavra-chave\/380","targetHints":{"allow":["GET"]}}],"collection":[{"href":"https:\/\/pos.uel.br\/pecem\/wp-json\/wp\/v2\/palavra-chave"}],"about":[{"href":"https:\/\/pos.uel.br\/pecem\/wp-json\/wp\/v2\/taxonomies\/palavra-chave"}]}}