{"id":292,"count":1,"description":"","link":"https:\/\/pos.uel.br\/pecem\/palavra-chave\/tradicao-pedagogica\/","name":"tradi\u00e7\u00e3o pedag\u00f3gica","slug":"tradicao-pedagogica","taxonomy":"palavra-chave","meta":[],"acf":[],"_links":{"self":[{"href":"https:\/\/pos.uel.br\/pecem\/wp-json\/wp\/v2\/palavra-chave\/292","targetHints":{"allow":["GET"]}}],"collection":[{"href":"https:\/\/pos.uel.br\/pecem\/wp-json\/wp\/v2\/palavra-chave"}],"about":[{"href":"https:\/\/pos.uel.br\/pecem\/wp-json\/wp\/v2\/taxonomies\/palavra-chave"}]}}