{"id":29,"count":4,"description":"","link":"https:\/\/pos.uel.br\/pecem\/palavra-chave\/avaliacao-em-matematica\/","name":"avalia\u00e7\u00e3o em matem\u00e1tica","slug":"avaliacao-em-matematica","taxonomy":"palavra-chave","meta":[],"acf":[],"_links":{"self":[{"href":"https:\/\/pos.uel.br\/pecem\/wp-json\/wp\/v2\/palavra-chave\/29","targetHints":{"allow":["GET"]}}],"collection":[{"href":"https:\/\/pos.uel.br\/pecem\/wp-json\/wp\/v2\/palavra-chave"}],"about":[{"href":"https:\/\/pos.uel.br\/pecem\/wp-json\/wp\/v2\/taxonomies\/palavra-chave"}]}}