{"id":210,"count":1,"description":"","link":"https:\/\/pos.uel.br\/pecem\/palavra-chave\/discussao-historico-filosofica\/","name":"discuss\u00e3o hist\u00f3rico-filos\u00f3fica","slug":"discussao-historico-filosofica","taxonomy":"palavra-chave","meta":[],"acf":[],"_links":{"self":[{"href":"https:\/\/pos.uel.br\/pecem\/wp-json\/wp\/v2\/palavra-chave\/210","targetHints":{"allow":["GET"]}}],"collection":[{"href":"https:\/\/pos.uel.br\/pecem\/wp-json\/wp\/v2\/palavra-chave"}],"about":[{"href":"https:\/\/pos.uel.br\/pecem\/wp-json\/wp\/v2\/taxonomies\/palavra-chave"}]}}