{"id":203,"count":4,"description":"","link":"https:\/\/pos.uel.br\/pecem\/palavra-chave\/educacao-nao-formal\/","name":"educa\u00e7\u00e3o n\u00e3o formal","slug":"educacao-nao-formal","taxonomy":"palavra-chave","meta":[],"acf":[],"_links":{"self":[{"href":"https:\/\/pos.uel.br\/pecem\/wp-json\/wp\/v2\/palavra-chave\/203","targetHints":{"allow":["GET"]}}],"collection":[{"href":"https:\/\/pos.uel.br\/pecem\/wp-json\/wp\/v2\/palavra-chave"}],"about":[{"href":"https:\/\/pos.uel.br\/pecem\/wp-json\/wp\/v2\/taxonomies\/palavra-chave"}]}}