{"id":909,"date":"2022-09-01T19:57:14","date_gmt":"2022-09-01T22:57:14","guid":{"rendered":"https:\/\/pos.uel.br\/fisica\/?p=909"},"modified":"2025-09-07T11:50:23","modified_gmt":"2025-09-07T14:50:23","slug":"vagas-para-mestrado-e-doutorado-1o-semestre-de-2023","status":"publish","type":"post","link":"https:\/\/pos.uel.br\/fisica\/chamadas-pt\/2022\/09\/01\/vagas-para-mestrado-e-doutorado-1o-semestre-de-2023\/","title":{"rendered":"Vagas para Mestrado e Doutorado \u2014 2o Semestre de 2023"},"content":{"rendered":"\n<p>O Programa de P\u00f3s-gradua\u00e7\u00e3o em F\u00edsica da Universidade Estadual de Londrina anuncia a abertura das inscri\u00e7\u00f5es para os cursos de Mestrado e Doutorado, com in\u00edcio previsto para o <strong>segundo semestre de 2023<\/strong>. As inscri\u00e7\u00f5es estar\u00e3o abertas entre os dias 12\/04 e 19\/05 de 2023, e os candidatos poder\u00e3o solicitar a isen\u00e7\u00e3o da taxa de inscri\u00e7\u00e3o de acordo com o edital de convoca\u00e7\u00e3o dispon\u00edvel abaixo.<\/p>\n\n\n\n<p>O Programa oferece 10 (dez) vagas para mestrandos e 7 (sete) para doutorandos, al\u00e9m de bolsas CAPES\/DS para os melhores colocados.* As linhas de concentra\u00e7\u00e3o abrangem quatro \u00e1reas distintas da F\u00edsica:<\/p>\n\n\n\n<ul class=\"wp-block-list\">\n<li>F\u00edsica da Mat\u00e9ria Condensada<\/li>\n\n\n\n<li>F\u00edsica Nuclear Aplicada<\/li>\n\n\n\n<li>Part\u00edculas e Campos<\/li>\n\n\n\n<li>Gravita\u00e7\u00e3o e Cosmologia<\/li>\n<\/ul>\n\n\n\n<p>A sele\u00e7\u00e3o dos candidatos ser\u00e1 baseada na nota do Exame Nacional das P\u00f3s-gradua\u00e7\u00f5es em F\u00edsica (EUF), realizado h\u00e1 n\u00e3o mais de dois anos. Para obter informa\u00e7\u00f5es detalhadas sobre o EUF, acesse <a href=\"http:\/\/sbfisica.org.br\/v1\/euf\/\">sbfisica.org.br\/v1\/euf\/<\/a>.<\/p>\n\n\n\n<p>Convidamos os interessados a se inscreverem e aprofundarem seus conhecimentos em um ambiente de excel\u00eancia acad\u00eamica. Acesse o edital de convoca\u00e7\u00e3o abaixo para obter mais informa\u00e7\u00f5es.<\/p>\n\n\n\n<p><a href=\"https:\/\/pos.uel.br\/fisica\/wp-content\/uploads\/2023\/03\/Edital_003_23_Selecao_2023-02.pdf\">Edital de convoca\u00e7\u00e3o<\/a> \u2014 <a href=\"https:\/\/pos.uel.br\/fisica\/editais\/edital-de-selecao-anexo-i-2o-semestre-de-2023\/\">Anexo I<\/a><br><a href=\"https:\/\/pos.uel.br\/fisica\/editais\/retificacao-do-edital-de-selecao-2o-semestre-de-2023\/\">Retifica\u00e7\u00e3o do edital de convoca\u00e7\u00e3o<\/a><br>Link para pedido de isen\u00e7\u00e3o <a href=\"http:\/\/www.uel.br\/eventos\/insc\/?id=8177\">Cad\u00danico<\/a><\/p>\n\n\n\n<p>Lista do resultado do Cad\u00danico:<\/p>\n\n\n\n<figure class=\"wp-block-table\"><table><tbody><tr><td>Inscri\u00e7\u00e3o<\/td><td>Curso<\/td><\/tr><tr><td>463756<\/td><td>102 &#8211; Mestrado em F\u00edsica<\/td><\/tr><tr><td>463705<\/td><td>291 &#8211; Doutorado em F\u00edsica<\/td><\/tr><\/tbody><\/table><\/figure>\n\n\n\n<p><a href=\"https:\/\/pos.uel.br\/fisica\/editais\/edital-de-selecao-relatorio-de-avaliacao-de-inscritos-cotistas\/\">Relat\u00f3rio de Avalia\u00e7\u00e3o de Inscritos Cotistas<\/a><\/p>\n\n\n\n<p><a href=\"https:\/\/pos.uel.br\/fisica\/editais\/resultado-do-edital-de-selecao-2o-semestre-de-2023\/\">Resultado e convoca\u00e7\u00e3o para matr\u00edcula<\/a><\/p>\n\n\n\n<p><a href=\"https:\/\/pos.uel.br\/fisica\/editais\/resultado-do-edital-de-selecao-classificacao-para-bolsas-2o-semestre-de-2023\/\">Classifica\u00e7\u00e3o para bolsas<\/a><\/p>\n\n\n\n<p>* A implementa\u00e7\u00e3o das bolsas depende da disponibilidade das quotas do programa no in\u00edcio do segundo semestre.<\/p>\n","protected":false},"excerpt":{"rendered":"<p>O Programa de P\u00f3s-gradua\u00e7\u00e3o em F\u00edsica da Universidade Estadual de Londrina anuncia a abertura das inscri\u00e7\u00f5es para os cursos de Mestrado e Doutorado, com in\u00edcio previsto para o segundo semestre de 2023. As inscri\u00e7\u00f5es estar\u00e3o abertas entre os dias 12\/04 e 19\/05 de 2023, e os candidatos poder\u00e3o solicitar a isen\u00e7\u00e3o da taxa de inscri\u00e7\u00e3o [&hellip;]<\/p>\n","protected":false},"author":10,"featured_media":0,"comment_status":"open","ping_status":"open","sticky":false,"template":"","format":"standard","meta":{"_acf_changed":false,"footnotes":""},"categories":[381],"tags":[],"class_list":["post-909","post","type-post","status-publish","format-standard","hentry","category-chamadas-pt"],"acf":[],"_links":{"self":[{"href":"https:\/\/pos.uel.br\/fisica\/wp-json\/wp\/v2\/posts\/909","targetHints":{"allow":["GET"]}}],"collection":[{"href":"https:\/\/pos.uel.br\/fisica\/wp-json\/wp\/v2\/posts"}],"about":[{"href":"https:\/\/pos.uel.br\/fisica\/wp-json\/wp\/v2\/types\/post"}],"author":[{"embeddable":true,"href":"https:\/\/pos.uel.br\/fisica\/wp-json\/wp\/v2\/users\/10"}],"replies":[{"embeddable":true,"href":"https:\/\/pos.uel.br\/fisica\/wp-json\/wp\/v2\/comments?post=909"}],"version-history":[{"count":17,"href":"https:\/\/pos.uel.br\/fisica\/wp-json\/wp\/v2\/posts\/909\/revisions"}],"predecessor-version":[{"id":1005,"href":"https:\/\/pos.uel.br\/fisica\/wp-json\/wp\/v2\/posts\/909\/revisions\/1005"}],"wp:attachment":[{"href":"https:\/\/pos.uel.br\/fisica\/wp-json\/wp\/v2\/media?parent=909"}],"wp:term":[{"taxonomy":"category","embeddable":true,"href":"https:\/\/pos.uel.br\/fisica\/wp-json\/wp\/v2\/categories?post=909"},{"taxonomy":"post_tag","embeddable":true,"href":"https:\/\/pos.uel.br\/fisica\/wp-json\/wp\/v2\/tags?post=909"}],"curies":[{"name":"wp","href":"https:\/\/api.w.org\/{rel}","templated":true}]}}