{"id":884,"date":"2022-07-11T21:58:06","date_gmt":"2022-07-12T00:58:06","guid":{"rendered":"https:\/\/pos.uel.br\/fisica\/?p=884"},"modified":"2025-09-07T11:50:23","modified_gmt":"2025-09-07T14:50:23","slug":"vagas-para-doutorado-2o-semestre-de-2022","status":"publish","type":"post","link":"https:\/\/pos.uel.br\/fisica\/chamadas-pt\/2022\/07\/11\/vagas-para-doutorado-2o-semestre-de-2022\/","title":{"rendered":"Vagas para Doutorado \u2014 2o Semestre de 2022"},"content":{"rendered":"\n<p>Entre os dias 18\/07 e 19\/07 (at\u00e9 as 12h) de 2022, o PPG-F\u00edsica receber\u00e1 inscri\u00e7\u00f5es de candidatos para os cursos de Doutorado (pedidos de isen\u00e7\u00e3o da taxa de inscri\u00e7\u00e3o devem ser encaminhados dia 12\/07 de 2022, conforme o Edital de convoca\u00e7\u00e3o abaixo). O in\u00edcio das atividades est\u00e1 previsto para o <strong>segundo semestre de 2022<\/strong>. O Programa disp\u00f5e de 5 (cinco) vagas para doutorandos, al\u00e9m de bolsas CAPES\/DS para os melhores colocados*. O programa realiza pesquisas nas seguintes linhas de concentra\u00e7\u00e3o:<\/p>\n\n\n\n<p>F\u00edsica da Mat\u00e9ria Condensada<br>F\u00edsica Nuclear Aplicada<br>Part\u00edculas e Campos<br>Gravita\u00e7\u00e3o e Cosmologia<\/p>\n\n\n\n<p>A sele\u00e7\u00e3o dos candidatos \u00e9 feita com base na nota do <a href=\"http:\/\/sbfisica.org.br\/v1\/euf\/\">Exame Nacional das P\u00f3s-gradua\u00e7\u00f5es em F\u00edsica<\/a> (EUF), realizado h\u00e1 n\u00e3o mais de dois anos. Maiores informa\u00e7\u00f5es em&nbsp;<a href=\"http:\/\/sbfisica.org.br\/v1\/euf\/\">sbfisica.org.br\/v1\/euf\/<\/a> .<\/p>\n\n\n\n<p><a href=\"https:\/\/pos.uel.br\/fisica\/wp-content\/uploads\/2022\/07\/Edital_008_22_Selecao_Doutorado.pdf\">Edital de convoca\u00e7\u00e3o<\/a> <br><a href=\"https:\/\/pos.uel.br\/fisica\/wp-content\/uploads\/2021\/10\/ModeloDecl-2022-1.doc\">Modelo Declara\u00e7\u00e3o de defesa<\/a><br><a href=\"https:\/\/pos.uel.br\/fisica\/wp-content\/uploads\/2021\/10\/ModeloRecomend-2022-1.doc\">Modelo Carta de Recomenda\u00e7\u00e3o<\/a><br><a href=\"http:\/\/www.uel.br\/proppg\/portalnovo\/pages\/inscricoes-programas-cursos\/inscricoes-por-nivel.php\">Link para as inscri\u00e7\u00f5es<\/a><\/p>\n\n\n\n<p>* A implementa\u00e7\u00e3o das bolsas depende da disponibilidade das quotas do programa no in\u00edcio do segundo semestre.<\/p>\n\n\n\n<p><a href=\"https:\/\/pos.uel.br\/fisica\/editais\/resultados-da-selecao-doutorado-2o-semestre-de-2022\/\">Resultados<\/a><\/p>\n","protected":false},"excerpt":{"rendered":"<p>Entre os dias 18\/07 e 19\/07 (at\u00e9 as 12h) de 2022, o PPG-F\u00edsica receber\u00e1 inscri\u00e7\u00f5es de candidatos para os cursos de Doutorado (pedidos de isen\u00e7\u00e3o da taxa de inscri\u00e7\u00e3o devem ser encaminhados dia 12\/07 de 2022, conforme o Edital de convoca\u00e7\u00e3o abaixo). O in\u00edcio das atividades est\u00e1 previsto para o segundo semestre de 2022. O [&hellip;]<\/p>\n","protected":false},"author":10,"featured_media":0,"comment_status":"open","ping_status":"open","sticky":false,"template":"","format":"standard","meta":{"_acf_changed":false,"footnotes":""},"categories":[381],"tags":[383],"class_list":["post-884","post","type-post","status-publish","format-standard","hentry","category-chamadas-pt","tag-doutorado-pt"],"acf":[],"_links":{"self":[{"href":"https:\/\/pos.uel.br\/fisica\/wp-json\/wp\/v2\/posts\/884","targetHints":{"allow":["GET"]}}],"collection":[{"href":"https:\/\/pos.uel.br\/fisica\/wp-json\/wp\/v2\/posts"}],"about":[{"href":"https:\/\/pos.uel.br\/fisica\/wp-json\/wp\/v2\/types\/post"}],"author":[{"embeddable":true,"href":"https:\/\/pos.uel.br\/fisica\/wp-json\/wp\/v2\/users\/10"}],"replies":[{"embeddable":true,"href":"https:\/\/pos.uel.br\/fisica\/wp-json\/wp\/v2\/comments?post=884"}],"version-history":[{"count":6,"href":"https:\/\/pos.uel.br\/fisica\/wp-json\/wp\/v2\/posts\/884\/revisions"}],"predecessor-version":[{"id":904,"href":"https:\/\/pos.uel.br\/fisica\/wp-json\/wp\/v2\/posts\/884\/revisions\/904"}],"wp:attachment":[{"href":"https:\/\/pos.uel.br\/fisica\/wp-json\/wp\/v2\/media?parent=884"}],"wp:term":[{"taxonomy":"category","embeddable":true,"href":"https:\/\/pos.uel.br\/fisica\/wp-json\/wp\/v2\/categories?post=884"},{"taxonomy":"post_tag","embeddable":true,"href":"https:\/\/pos.uel.br\/fisica\/wp-json\/wp\/v2\/tags?post=884"}],"curies":[{"name":"wp","href":"https:\/\/api.w.org\/{rel}","templated":true}]}}