{"id":669,"date":"2021-10-01T19:09:23","date_gmt":"2021-10-01T22:09:23","guid":{"rendered":"https:\/\/pos.uel.br\/fisica\/?p=669"},"modified":"2022-01-31T21:39:48","modified_gmt":"2022-02-01T00:39:48","slug":"vagas-para-mestrado-e-doutorado-1o-semestre-de-2022","status":"publish","type":"post","link":"https:\/\/pos.uel.br\/fisica\/chamadas\/2021\/10\/01\/vagas-para-mestrado-e-doutorado-1o-semestre-de-2022\/","title":{"rendered":"Vagas para Mestrado e Doutorado \u2014 1o Semestre de 2022"},"content":{"rendered":"\n<p>Entre os dias 22\/10 e 05\/11 de 2021, o PPG-F\u00edsica receber\u00e1 inscri\u00e7\u00f5es de candidatos para os cursos de Mestrado e Doutorado (pedidos de isen\u00e7\u00e3o da taxa de inscri\u00e7\u00e3o devem ser encaminhados de 04 a 08\/10 de 2021, conforme o Edital de convoca\u00e7\u00e3o abaixo). O in\u00edcio das atividades est\u00e1 previsto para o <strong>primeiro semestre de 2022<\/strong>. O Programa disp\u00f5e de 15 (quinze) vagas para mestrandos e 10 (dez) para doutorandos, al\u00e9m de bolsas CAPES\/DS para os melhores colocados*. O programa realiza pesquisas nas seguintes linhas de concentra\u00e7\u00e3o:<\/p>\n\n\n\n<p>F\u00edsica da Mat\u00e9ria Condensada<br>F\u00edsica Nuclear Aplicada<br>Part\u00edculas e Campos<br>Gravita\u00e7\u00e3o e Cosmologia<\/p>\n\n\n\n<p>A sele\u00e7\u00e3o dos candidatos \u00e9 feita com base na nota do <a href=\"http:\/\/sbfisica.org.br\/v1\/euf\/\">Exame Nacional das P\u00f3s-gradua\u00e7\u00f5es em F\u00edsica<\/a> (EUF), realizado h\u00e1 n\u00e3o mais de dois anos. Vale lembrar que, em virtude da pandemia de Covid-19, as provas do EUF est\u00e3o sendo aplicadas virtualmente. Maiores informa\u00e7\u00f5es em&nbsp;<a href=\"http:\/\/sbfisica.org.br\/v1\/euf\/\">sbfisica.org.br\/v1\/euf\/<\/a> .<\/p>\n\n\n\n<p><a rel=\"noreferrer noopener\" href=\"https:\/\/pos.uel.br\/fisica\/wp-content\/uploads\/2021\/10\/Edital_Programa-2022-1.pdf\" target=\"_blank\">Edital de convoca\u00e7\u00e3o<\/a><br><a rel=\"noreferrer noopener\" href=\"http:\/\/www.uel.br\/eventos\/insc\/?id=6794\" target=\"_blank\">Requerimento Isen\u00e7\u00e3o Cad\u00danico<\/a>&nbsp;&#8211; Per\u00edodo: 04 a 08\/10\/2021<br><a href=\"https:\/\/pos.uel.br\/fisica\/wp-content\/uploads\/2021\/10\/ModeloDecl-2022-1.doc\">Modelo Declara\u00e7\u00e3o de defesa<\/a><br><a href=\"https:\/\/pos.uel.br\/fisica\/wp-content\/uploads\/2021\/10\/ModeloRecomend-2022-1.doc\">Modelo Carta de Recomenda\u00e7\u00e3o<\/a><br><a href=\"http:\/\/www.uel.br\/proppg\/portalnovo\/pages\/inscricoes-programas-cursos\/inscricoes-por-nivel.php\">Link para as inscri\u00e7\u00f5es<\/a><\/p>\n\n\n\n<p>* A implementa\u00e7\u00e3o das bolsas depende da disponibilidade das quotas do programa no in\u00edcio do segundo semestre.<\/p>\n\n\n\n<p>Lista de candidatos com pedido de isen\u00e7\u00e3o:<\/p>\n\n\n\n<p>&#8211; MESTRADO EM F\u00cdSICA \u2013 CURSO 102<\/p>\n\n\n\n<figure class=\"wp-block-table\"><table><tbody><tr><td>NOME<\/td><td>MOTIVO<\/td><td>RESULTADO<\/td><\/tr><tr><td>AMANDA MARIA FONSECA<\/td><td>DOA\u00c7\u00c3O DE SANGUE<\/td><td>DEFERIDO<\/td><\/tr><\/tbody><\/table><\/figure>\n\n\n\n<p><a href=\"https:\/\/pos.uel.br\/fisica\/wp-content\/uploads\/2021\/10\/Resultado-pedidos-de-isencao-edital-006-21.pdf\">Lista completa de pedidos deferidos e indeferidos<\/a><\/p>\n\n\n\n<h2 class=\"wp-block-heading\" id=\"resultados\">Resultados<\/h2>\n\n\n\n<p><a href=\"https:\/\/pos.uel.br\/fisica\/wp-content\/uploads\/2022\/01\/Edital_Resultado_2022-01.pdf\" data-type=\"URL\" data-id=\"https:\/\/pos.uel.br\/fisica\/wp-content\/uploads\/2022\/01\/Edital_Resultado_2022-01.pdf\">Resultado da Sele\u00e7\u00e3o de Estudante Regular para Turma 1\u00ba sem &#8211; 2022<\/a><br><a href=\"https:\/\/pos.uel.br\/fisica\/wp-content\/uploads\/2022\/01\/Classificacao_para_bolsas-2022-01.pdf\">Resultado da classifica\u00e7\u00e3o para bolsas<\/a><\/p>\n","protected":false},"excerpt":{"rendered":"<p>Entre os dias 22\/10 e 05\/11 de 2021, o PPG-F\u00edsica receber\u00e1 inscri\u00e7\u00f5es de candidatos para os cursos de Mestrado e Doutorado (pedidos de isen\u00e7\u00e3o da taxa de inscri\u00e7\u00e3o devem ser encaminhados de 04 a 08\/10 de 2021, conforme o Edital de convoca\u00e7\u00e3o abaixo). O in\u00edcio das atividades est\u00e1 previsto para o primeiro semestre de 2022. [&hellip;]<\/p>\n","protected":false},"author":10,"featured_media":0,"comment_status":"open","ping_status":"open","sticky":false,"template":"","format":"standard","meta":{"_acf_changed":false,"footnotes":""},"categories":[216],"tags":[],"class_list":["post-669","post","type-post","status-publish","format-standard","hentry","category-chamadas"],"acf":[],"_links":{"self":[{"href":"https:\/\/pos.uel.br\/fisica\/wp-json\/wp\/v2\/posts\/669","targetHints":{"allow":["GET"]}}],"collection":[{"href":"https:\/\/pos.uel.br\/fisica\/wp-json\/wp\/v2\/posts"}],"about":[{"href":"https:\/\/pos.uel.br\/fisica\/wp-json\/wp\/v2\/types\/post"}],"author":[{"embeddable":true,"href":"https:\/\/pos.uel.br\/fisica\/wp-json\/wp\/v2\/users\/10"}],"replies":[{"embeddable":true,"href":"https:\/\/pos.uel.br\/fisica\/wp-json\/wp\/v2\/comments?post=669"}],"version-history":[{"count":14,"href":"https:\/\/pos.uel.br\/fisica\/wp-json\/wp\/v2\/posts\/669\/revisions"}],"predecessor-version":[{"id":857,"href":"https:\/\/pos.uel.br\/fisica\/wp-json\/wp\/v2\/posts\/669\/revisions\/857"}],"wp:attachment":[{"href":"https:\/\/pos.uel.br\/fisica\/wp-json\/wp\/v2\/media?parent=669"}],"wp:term":[{"taxonomy":"category","embeddable":true,"href":"https:\/\/pos.uel.br\/fisica\/wp-json\/wp\/v2\/categories?post=669"},{"taxonomy":"post_tag","embeddable":true,"href":"https:\/\/pos.uel.br\/fisica\/wp-json\/wp\/v2\/tags?post=669"}],"curies":[{"name":"wp","href":"https:\/\/api.w.org\/{rel}","templated":true}]}}