{"id":442,"date":"2021-07-16T15:02:00","date_gmt":"2021-07-16T18:02:00","guid":{"rendered":"https:\/\/pos.uel.br\/fisica\/?p=442"},"modified":"2021-10-01T19:12:57","modified_gmt":"2021-10-01T22:12:57","slug":"vagas-para-estudantes-especiais","status":"publish","type":"post","link":"https:\/\/pos.uel.br\/fisica\/chamadas\/2021\/07\/16\/vagas-para-estudantes-especiais\/","title":{"rendered":"Vagas para estudantes especiais &#8212; 2o Semestre de 2021"},"content":{"rendered":"\n<p>O Programa de P\u00f3s-gradua\u00e7\u00e3o em F\u00edsica comunica que estar\u00e3o abertas as inscri\u00e7\u00f5es para os interessados em cursar as disciplinas de p\u00f3s-gradua\u00e7\u00e3o na condi\u00e7\u00e3o de estudante especial. As inscri\u00e7\u00f5es ser\u00e3o feitas exclusivamente pela internet no endere\u00e7o&nbsp;<a href=\"http:\/\/www.uel.br\/proppg\/inscricoes\">http:\/\/www.uel.br\/proppg\/inscricoes<\/a><\/p>\n\n\n\n<p><strong>Disciplinas ofertadas:<\/strong>&nbsp;Mec. Qu\u00e2ntica II; Mec. Estat\u00edstica; Infla\u00e7\u00e3o c\u00f3smica e radia\u00e7\u00e3o de Fundo<strong><br>N\u00famero de vagas:<\/strong>&nbsp;03 vagas por disciplina<br><strong>Per\u00edodo de inscri\u00e7\u00e3o:<\/strong>&nbsp;de 20 a 22\/07\/2021<br><strong>Edital de sele\u00e7\u00e3o:<\/strong> <a href=\"https:\/\/pos.uel.br\/fisica\/wp-content\/uploads\/2021\/07\/Edital-004-21-2021_2-edital-de-abertura-estudante-especial-1.pdf\">aqui<\/a><\/p>\n","protected":false},"excerpt":{"rendered":"<p>O Programa de P\u00f3s-gradua\u00e7\u00e3o em F\u00edsica comunica que estar\u00e3o abertas as inscri\u00e7\u00f5es para os interessados em cursar as disciplinas de p\u00f3s-gradua\u00e7\u00e3o na condi\u00e7\u00e3o de estudante especial. As inscri\u00e7\u00f5es ser\u00e3o feitas exclusivamente pela internet no endere\u00e7o&nbsp;http:\/\/www.uel.br\/proppg\/inscricoes Disciplinas ofertadas:&nbsp;Mec. Qu\u00e2ntica II; Mec. Estat\u00edstica; Infla\u00e7\u00e3o c\u00f3smica e radia\u00e7\u00e3o de FundoN\u00famero de vagas:&nbsp;03 vagas por disciplinaPer\u00edodo de inscri\u00e7\u00e3o:&nbsp;de 20 [&hellip;]<\/p>\n","protected":false},"author":8,"featured_media":0,"comment_status":"open","ping_status":"open","sticky":false,"template":"","format":"standard","meta":{"_acf_changed":false,"footnotes":""},"categories":[216],"tags":[],"class_list":["post-442","post","type-post","status-publish","format-standard","hentry","category-chamadas"],"acf":[],"_links":{"self":[{"href":"https:\/\/pos.uel.br\/fisica\/wp-json\/wp\/v2\/posts\/442","targetHints":{"allow":["GET"]}}],"collection":[{"href":"https:\/\/pos.uel.br\/fisica\/wp-json\/wp\/v2\/posts"}],"about":[{"href":"https:\/\/pos.uel.br\/fisica\/wp-json\/wp\/v2\/types\/post"}],"author":[{"embeddable":true,"href":"https:\/\/pos.uel.br\/fisica\/wp-json\/wp\/v2\/users\/8"}],"replies":[{"embeddable":true,"href":"https:\/\/pos.uel.br\/fisica\/wp-json\/wp\/v2\/comments?post=442"}],"version-history":[{"count":4,"href":"https:\/\/pos.uel.br\/fisica\/wp-json\/wp\/v2\/posts\/442\/revisions"}],"predecessor-version":[{"id":676,"href":"https:\/\/pos.uel.br\/fisica\/wp-json\/wp\/v2\/posts\/442\/revisions\/676"}],"wp:attachment":[{"href":"https:\/\/pos.uel.br\/fisica\/wp-json\/wp\/v2\/media?parent=442"}],"wp:term":[{"taxonomy":"category","embeddable":true,"href":"https:\/\/pos.uel.br\/fisica\/wp-json\/wp\/v2\/categories?post=442"},{"taxonomy":"post_tag","embeddable":true,"href":"https:\/\/pos.uel.br\/fisica\/wp-json\/wp\/v2\/tags?post=442"}],"curies":[{"name":"wp","href":"https:\/\/api.w.org\/{rel}","templated":true}]}}