{"id":1429,"date":"2026-04-16T15:37:43","date_gmt":"2026-04-16T18:37:43","guid":{"rendered":"https:\/\/pos.uel.br\/fisica\/?p=1429"},"modified":"2026-04-19T10:18:49","modified_gmt":"2026-04-19T13:18:49","slug":"vagas-para-mestrado-e-doutorado-selecao-2026-2","status":"publish","type":"post","link":"https:\/\/pos.uel.br\/fisica\/chamadas-pt\/2026\/04\/16\/vagas-para-mestrado-e-doutorado-selecao-2026-2\/","title":{"rendered":"Vagas para Mestrado e Doutorado \u2014 2o Semestre de 2026"},"content":{"rendered":"\n<p id=\"block-5c03a4df-e81e-4306-a319-7cce99f21bb1\">O Programa de P\u00f3s-gradua\u00e7\u00e3o em F\u00edsica da Universidade Estadual de Londrina anuncia a abertura das inscri\u00e7\u00f5es para os cursos de Mestrado e Doutorado, com in\u00edcio previsto para o <strong>segundo semestre de 2026<\/strong>. As inscri\u00e7\u00f5es estar\u00e3o abertas entre os dias 16\/04 e 15\/05 de 2026, e os candidatos poder\u00e3o solicitar a isen\u00e7\u00e3o da taxa de inscri\u00e7\u00e3o de acordo com o edital de convoca\u00e7\u00e3o dispon\u00edvel abaixo.<\/p>\n\n\n\n<p id=\"block-dc3d75fb-15c4-4373-88f1-24e0bd4c0d55\">O Programa oferece  vagas para mestrandos e para doutorandos, al\u00e9m de bolsas CAPES\/DS para os melhores colocados (conforme disponibilidade do PPG). As linhas de concentra\u00e7\u00e3o abrangem quatro \u00e1reas distintas da F\u00edsica:<\/p>\n\n\n\n<ul id=\"block-96432b64-fdda-4c2e-9768-021a50a9e5b6\" class=\"wp-block-list\">\n<li>F\u00edsica da Mat\u00e9ria Condensada<\/li>\n\n\n\n<li>F\u00edsica Nuclear Aplicada<\/li>\n\n\n\n<li>Part\u00edculas e Campos<\/li>\n\n\n\n<li>Gravita\u00e7\u00e3o e Cosmologia<\/li>\n<\/ul>\n\n\n\n<p id=\"block-69b41966-3ecc-4978-9b1f-901262103795\">Convidamos os interessados a se inscreverem e aprofundarem seus conhecimentos em um ambiente de excel\u00eancia acad\u00eamica. Acesse o edital para obter mais informa\u00e7\u00f5es.<\/p>\n\n\n\n<p><a href=\"https:\/\/pos.uel.br\/fisica\/editais\/edital-no-004-2026-oferta-aluno-regular-2026-2\/\">Edital<\/a><\/p>\n\n\n\n<p><\/p>\n","protected":false},"excerpt":{"rendered":"<p>O Programa de P\u00f3s-gradua\u00e7\u00e3o em F\u00edsica da Universidade Estadual de Londrina anuncia a abertura das inscri\u00e7\u00f5es para os cursos de Mestrado e Doutorado, com in\u00edcio previsto para o segundo semestre de 2026. As inscri\u00e7\u00f5es estar\u00e3o abertas entre os dias 16\/04 e 15\/05 de 2026, e os candidatos poder\u00e3o solicitar a isen\u00e7\u00e3o da taxa de inscri\u00e7\u00e3o [&hellip;]<\/p>\n","protected":false},"author":14,"featured_media":0,"comment_status":"open","ping_status":"open","sticky":false,"template":"","format":"standard","meta":{"_acf_changed":false,"footnotes":""},"categories":[381],"tags":[],"class_list":["post-1429","post","type-post","status-publish","format-standard","hentry","category-chamadas-pt"],"acf":[],"_links":{"self":[{"href":"https:\/\/pos.uel.br\/fisica\/wp-json\/wp\/v2\/posts\/1429","targetHints":{"allow":["GET"]}}],"collection":[{"href":"https:\/\/pos.uel.br\/fisica\/wp-json\/wp\/v2\/posts"}],"about":[{"href":"https:\/\/pos.uel.br\/fisica\/wp-json\/wp\/v2\/types\/post"}],"author":[{"embeddable":true,"href":"https:\/\/pos.uel.br\/fisica\/wp-json\/wp\/v2\/users\/14"}],"replies":[{"embeddable":true,"href":"https:\/\/pos.uel.br\/fisica\/wp-json\/wp\/v2\/comments?post=1429"}],"version-history":[{"count":4,"href":"https:\/\/pos.uel.br\/fisica\/wp-json\/wp\/v2\/posts\/1429\/revisions"}],"predecessor-version":[{"id":1437,"href":"https:\/\/pos.uel.br\/fisica\/wp-json\/wp\/v2\/posts\/1429\/revisions\/1437"}],"wp:attachment":[{"href":"https:\/\/pos.uel.br\/fisica\/wp-json\/wp\/v2\/media?parent=1429"}],"wp:term":[{"taxonomy":"category","embeddable":true,"href":"https:\/\/pos.uel.br\/fisica\/wp-json\/wp\/v2\/categories?post=1429"},{"taxonomy":"post_tag","embeddable":true,"href":"https:\/\/pos.uel.br\/fisica\/wp-json\/wp\/v2\/tags?post=1429"}],"curies":[{"name":"wp","href":"https:\/\/api.w.org\/{rel}","templated":true}]}}