{"id":1343,"date":"2025-09-07T11:49:42","date_gmt":"2025-09-07T14:49:42","guid":{"rendered":"https:\/\/pos.uel.br\/fisica\/?p=1343"},"modified":"2025-09-07T11:50:23","modified_gmt":"2025-09-07T14:50:23","slug":"vagas-para-mestrado-e-doutorado-1o-semestre-de-2026","status":"publish","type":"post","link":"https:\/\/pos.uel.br\/fisica\/chamadas-pt\/2025\/09\/07\/vagas-para-mestrado-e-doutorado-1o-semestre-de-2026\/","title":{"rendered":"Vagas para Mestrado e Doutorado \u2014 1o Semestre de 2026"},"content":{"rendered":"\n<p id=\"block-5c03a4df-e81e-4306-a319-7cce99f21bb1\">O Programa de P\u00f3s-gradua\u00e7\u00e3o em F\u00edsica da Universidade Estadual de Londrina anuncia a abertura das inscri\u00e7\u00f5es para os cursos de Mestrado e Doutorado, com in\u00edcio previsto para o <strong>primeiro semestre de 2026<\/strong>. As inscri\u00e7\u00f5es estar\u00e3o abertas entre os dias 19\/09 e 29\/10 de 2025, e os candidatos poder\u00e3o solicitar a isen\u00e7\u00e3o da taxa de inscri\u00e7\u00e3o de acordo com o edital de convoca\u00e7\u00e3o dispon\u00edvel abaixo.<\/p>\n\n\n\n<p id=\"block-dc3d75fb-15c4-4373-88f1-24e0bd4c0d55\">O Programa oferece 20 (vinte) vagas para mestrandos e 15 (quinze) para doutorandos, al\u00e9m de bolsas CAPES\/DS para os melhores colocados.* As linhas de concentra\u00e7\u00e3o abrangem quatro \u00e1reas distintas da F\u00edsica:<\/p>\n\n\n\n<ul id=\"block-96432b64-fdda-4c2e-9768-021a50a9e5b6\" class=\"wp-block-list\">\n<li>F\u00edsica da Mat\u00e9ria Condensada<\/li>\n\n\n\n<li>F\u00edsica Nuclear Aplicada<\/li>\n\n\n\n<li>Part\u00edculas e Campos<\/li>\n\n\n\n<li>Gravita\u00e7\u00e3o e Cosmologia<\/li>\n<\/ul>\n\n\n\n<p id=\"block-69b41966-3ecc-4978-9b1f-901262103795\">A sele\u00e7\u00e3o dos candidatos ser\u00e1 baseada na nota do Exame Nacional das P\u00f3s-gradua\u00e7\u00f5es em F\u00edsica (EUF), realizado h\u00e1 n\u00e3o mais de dois anos. Para obter informa\u00e7\u00f5es detalhadas sobre o EUF, acesse <a href=\"http:\/\/sbfisica.org.br\/v1\/euf\/\">sbfisica.org.br\/v1\/euf\/<\/a>.<\/p>\n\n\n\n<p id=\"block-18bf2704-99f9-497e-9f9c-60c68042f2ba\">Convidamos os interessados a se inscreverem e aprofundarem seus conhecimentos em um ambiente de excel\u00eancia acad\u00eamica. Acesse o edital de convoca\u00e7\u00e3o abaixo para obter mais informa\u00e7\u00f5es.<\/p>\n\n\n\n<p id=\"block-6ca7f567-b011-4e93-abd7-d9ca8f74a3e3\"><a href=\"https:\/\/pos.uel.br\/fisica\/editais\/edital-de-selecao-1o-semestre-de-2026\/\">Edital de convoca\u00e7\u00e3o<\/a><\/p>\n\n\n\n<p>* A implementa\u00e7\u00e3o das bolsas depende da disponibilidade das quotas do programa no in\u00edcio do segundo semestre.<\/p>\n\n\n\n<p><\/p>\n","protected":false},"excerpt":{"rendered":"<p>O Programa de P\u00f3s-gradua\u00e7\u00e3o em F\u00edsica da Universidade Estadual de Londrina anuncia a abertura das inscri\u00e7\u00f5es para os cursos de Mestrado e Doutorado, com in\u00edcio previsto para o primeiro semestre de 2026. As inscri\u00e7\u00f5es estar\u00e3o abertas entre os dias 19\/09 e 29\/10 de 2025, e os candidatos poder\u00e3o solicitar a isen\u00e7\u00e3o da taxa de inscri\u00e7\u00e3o [&hellip;]<\/p>\n","protected":false},"author":10,"featured_media":0,"comment_status":"open","ping_status":"open","sticky":false,"template":"","format":"standard","meta":{"_acf_changed":false,"footnotes":""},"categories":[381],"tags":[],"class_list":["post-1343","post","type-post","status-publish","format-standard","hentry","category-chamadas-pt"],"acf":[],"_links":{"self":[{"href":"https:\/\/pos.uel.br\/fisica\/wp-json\/wp\/v2\/posts\/1343","targetHints":{"allow":["GET"]}}],"collection":[{"href":"https:\/\/pos.uel.br\/fisica\/wp-json\/wp\/v2\/posts"}],"about":[{"href":"https:\/\/pos.uel.br\/fisica\/wp-json\/wp\/v2\/types\/post"}],"author":[{"embeddable":true,"href":"https:\/\/pos.uel.br\/fisica\/wp-json\/wp\/v2\/users\/10"}],"replies":[{"embeddable":true,"href":"https:\/\/pos.uel.br\/fisica\/wp-json\/wp\/v2\/comments?post=1343"}],"version-history":[{"count":1,"href":"https:\/\/pos.uel.br\/fisica\/wp-json\/wp\/v2\/posts\/1343\/revisions"}],"predecessor-version":[{"id":1345,"href":"https:\/\/pos.uel.br\/fisica\/wp-json\/wp\/v2\/posts\/1343\/revisions\/1345"}],"wp:attachment":[{"href":"https:\/\/pos.uel.br\/fisica\/wp-json\/wp\/v2\/media?parent=1343"}],"wp:term":[{"taxonomy":"category","embeddable":true,"href":"https:\/\/pos.uel.br\/fisica\/wp-json\/wp\/v2\/categories?post=1343"},{"taxonomy":"post_tag","embeddable":true,"href":"https:\/\/pos.uel.br\/fisica\/wp-json\/wp\/v2\/tags?post=1343"}],"curies":[{"name":"wp","href":"https:\/\/api.w.org\/{rel}","templated":true}]}}