{"id":1146,"date":"2024-09-05T23:05:21","date_gmt":"2024-09-06T02:05:21","guid":{"rendered":"https:\/\/pos.uel.br\/fisica\/?p=1146"},"modified":"2025-09-07T11:50:23","modified_gmt":"2025-09-07T14:50:23","slug":"vagas-para-mestrado-e-doutorado-1o-semestre-de-2025","status":"publish","type":"post","link":"https:\/\/pos.uel.br\/fisica\/chamadas-pt\/2024\/09\/05\/vagas-para-mestrado-e-doutorado-1o-semestre-de-2025\/","title":{"rendered":"Vagas para Mestrado e Doutorado \u2014 1o Semestre de 2025"},"content":{"rendered":"\n<p>O Programa de P\u00f3s-gradua\u00e7\u00e3o em F\u00edsica da Universidade Estadual de Londrina anuncia a abertura das inscri\u00e7\u00f5es para os cursos de Mestrado e Doutorado, com in\u00edcio previsto para o <strong>primeiro semestre de 2025<\/strong>. As inscri\u00e7\u00f5es estar\u00e3o abertas entre os dias 19\/09 e 30\/10 de 2024, e os candidatos poder\u00e3o solicitar a isen\u00e7\u00e3o da taxa de inscri\u00e7\u00e3o de acordo com o edital de convoca\u00e7\u00e3o dispon\u00edvel abaixo.<\/p>\n\n\n\n<p>O Programa oferece 15 (quinze) vagas para mestrandos e 10 (dez) para doutorandos, al\u00e9m de bolsas CAPES\/DS para os melhores colocados.* As linhas de concentra\u00e7\u00e3o abrangem quatro \u00e1reas distintas da F\u00edsica:<\/p>\n\n\n\n<ul class=\"wp-block-list\">\n<li>F\u00edsica da Mat\u00e9ria Condensada<\/li>\n\n\n\n<li>F\u00edsica Nuclear Aplicada<\/li>\n\n\n\n<li>Part\u00edculas e Campos<\/li>\n\n\n\n<li>Gravita\u00e7\u00e3o e Cosmologia<\/li>\n<\/ul>\n\n\n\n<p>A sele\u00e7\u00e3o dos candidatos ser\u00e1 baseada na nota do Exame Nacional das P\u00f3s-gradua\u00e7\u00f5es em F\u00edsica (EUF), realizado h\u00e1 n\u00e3o mais de dois anos. Para obter informa\u00e7\u00f5es detalhadas sobre o EUF, acesse <a href=\"http:\/\/sbfisica.org.br\/v1\/euf\/\">sbfisica.org.br\/v1\/euf\/<\/a>.<\/p>\n\n\n\n<p>Convidamos os interessados a se inscreverem e aprofundarem seus conhecimentos em um ambiente de excel\u00eancia acad\u00eamica. Acesse o edital de convoca\u00e7\u00e3o abaixo para obter mais informa\u00e7\u00f5es.<\/p>\n\n\n\n<p><strong>Candidatos que se inscreveram para mestrado ou doutorado por meio das a\u00e7\u00f5es afirmativas &#8211; cotas para negros (pretos e pardos) &#8211; dever\u00e3o realizar ainda <mark style=\"background-color:#ff0000\" class=\"has-inline-color\">hoje, 31\/10<\/mark>, o agendamento da entrevista de heteroidentifica\u00e7\u00e3o no sistema de inscri\u00e7\u00e3o.<\/strong><\/p>\n\n\n\n<p><a href=\"https:\/\/pos.uel.br\/fisica\/wp-content\/uploads\/2024\/11\/RESULTADO_ACOES_AFIRMATIVAS_COTAS-291.pdf\">Resultado Cotistas<\/a><\/p>\n\n\n\n<p><a href=\"https:\/\/pos.uel.br\/fisica\/editais\/edital-de-selecao-1o-semestre-de-2025\/\">Edital de convoca\u00e7\u00e3o<\/a><\/p>\n\n\n\n<p><a href=\"http:\/\/www.uel.br\/eventos\/sigec\/?id=9672\">Requerimento de Isen\u00e7\u00e3o Cad\u00danico &#8211;&nbsp;05 a 09\/09\/2024<\/a><\/p>\n\n\n\n<p>Os demais pedidos de isen\u00e7\u00e3o: doa\u00e7\u00e3o de sangue e trabalho eleitoral, devem ser feitos por meio do formul\u00e1rio abaixo e encaminhados para o e-mail da secretaria de p\u00f3s-gradua\u00e7\u00e3o:&nbsp;<a href=\"mailto:spgcceselecao@uel.br\" target=\"_blank\" rel=\"noreferrer noopener\">spgcceselecao@uel.br<\/a><\/p>\n\n\n\n<p><a href=\"https:\/\/pos.uel.br\/fisica\/wp-content\/uploads\/2024\/09\/Formulario-Isencao-2025-1.docx\">Formul\u00e1rio de Isen\u00e7\u00e3o<\/a><\/p>\n\n\n\n<p>05 a 09\/09 &#8211;&nbsp; Pedido de Isen\u00e7\u00e3o, Trabalho Eleitoral e Doa\u00e7\u00e3o de Sangue<br>12\/09 &#8211; Resultado dos pedidos de isen\u00e7\u00e3o;&nbsp;<br>13\/09 &#8211; Pedido de Recurso ao resultado das isen\u00e7\u00f5es;&nbsp;<br>17\/09 &#8211; Resultado do recurso das isen\u00e7\u00f5es.&nbsp;<br><strong>N\u00e3o houve inscritos<\/strong><\/p>\n\n\n\n<p><a href=\"https:\/\/pos.uel.br\/fisica\/editais\/resultado-do-edital-de-selecao-1o-semestre-de-2025\/\">Resultado<\/a><\/p>\n\n\n\n<p>* A implementa\u00e7\u00e3o das bolsas depende da disponibilidade das quotas do programa no in\u00edcio do segundo semestre.<\/p>\n\n\n\n<p><\/p>\n","protected":false},"excerpt":{"rendered":"<p>O Programa de P\u00f3s-gradua\u00e7\u00e3o em F\u00edsica da Universidade Estadual de Londrina anuncia a abertura das inscri\u00e7\u00f5es para os cursos de Mestrado e Doutorado, com in\u00edcio previsto para o primeiro semestre de 2025. As inscri\u00e7\u00f5es estar\u00e3o abertas entre os dias 19\/09 e 30\/10 de 2024, e os candidatos poder\u00e3o solicitar a isen\u00e7\u00e3o da taxa de inscri\u00e7\u00e3o [&hellip;]<\/p>\n","protected":false},"author":10,"featured_media":0,"comment_status":"open","ping_status":"open","sticky":false,"template":"","format":"standard","meta":{"_acf_changed":false,"footnotes":""},"categories":[381],"tags":[],"class_list":["post-1146","post","type-post","status-publish","format-standard","hentry","category-chamadas-pt"],"acf":[],"_links":{"self":[{"href":"https:\/\/pos.uel.br\/fisica\/wp-json\/wp\/v2\/posts\/1146","targetHints":{"allow":["GET"]}}],"collection":[{"href":"https:\/\/pos.uel.br\/fisica\/wp-json\/wp\/v2\/posts"}],"about":[{"href":"https:\/\/pos.uel.br\/fisica\/wp-json\/wp\/v2\/types\/post"}],"author":[{"embeddable":true,"href":"https:\/\/pos.uel.br\/fisica\/wp-json\/wp\/v2\/users\/10"}],"replies":[{"embeddable":true,"href":"https:\/\/pos.uel.br\/fisica\/wp-json\/wp\/v2\/comments?post=1146"}],"version-history":[{"count":11,"href":"https:\/\/pos.uel.br\/fisica\/wp-json\/wp\/v2\/posts\/1146\/revisions"}],"predecessor-version":[{"id":1176,"href":"https:\/\/pos.uel.br\/fisica\/wp-json\/wp\/v2\/posts\/1146\/revisions\/1176"}],"wp:attachment":[{"href":"https:\/\/pos.uel.br\/fisica\/wp-json\/wp\/v2\/media?parent=1146"}],"wp:term":[{"taxonomy":"category","embeddable":true,"href":"https:\/\/pos.uel.br\/fisica\/wp-json\/wp\/v2\/categories?post=1146"},{"taxonomy":"post_tag","embeddable":true,"href":"https:\/\/pos.uel.br\/fisica\/wp-json\/wp\/v2\/tags?post=1146"}],"curies":[{"name":"wp","href":"https:\/\/api.w.org\/{rel}","templated":true}]}}