{"id":1072,"date":"2024-03-28T09:34:31","date_gmt":"2024-03-28T12:34:31","guid":{"rendered":"https:\/\/pos.uel.br\/fisica\/?p=1072"},"modified":"2025-09-07T11:50:23","modified_gmt":"2025-09-07T14:50:23","slug":"vagas-para-mestrado-e-doutorado-2o-semestre-de-2024","status":"publish","type":"post","link":"https:\/\/pos.uel.br\/fisica\/chamadas-pt\/2024\/03\/28\/vagas-para-mestrado-e-doutorado-2o-semestre-de-2024\/","title":{"rendered":"Vagas para Mestrado e Doutorado \u2014 2o Semestre de 2024"},"content":{"rendered":"\n<p>O Programa de P\u00f3s-gradua\u00e7\u00e3o em F\u00edsica da Universidade Estadual de Londrina anuncia a abertura das inscri\u00e7\u00f5es para os cursos de Mestrado e Doutorado, com in\u00edcio previsto para o <strong>segundo semestre de 2024<\/strong>. As inscri\u00e7\u00f5es estar\u00e3o abertas entre os dias 17\/04 e 17\/05 de 2024, e os candidatos poder\u00e3o solicitar a isen\u00e7\u00e3o da taxa de inscri\u00e7\u00e3o de acordo com o edital de convoca\u00e7\u00e3o dispon\u00edvel abaixo.<\/p>\n\n\n\n<p>O Programa oferece 10 (dez) vagas para mestrandos e 10 (dez) para doutorandos, al\u00e9m de bolsas CAPES\/DS para os melhores colocados.* As linhas de concentra\u00e7\u00e3o abrangem quatro \u00e1reas distintas da F\u00edsica:<\/p>\n\n\n\n<ul class=\"wp-block-list\">\n<li>F\u00edsica da Mat\u00e9ria Condensada<\/li>\n\n\n\n<li>F\u00edsica Nuclear Aplicada<\/li>\n\n\n\n<li>Part\u00edculas e Campos<\/li>\n\n\n\n<li>Gravita\u00e7\u00e3o e Cosmologia<\/li>\n<\/ul>\n\n\n\n<p>A sele\u00e7\u00e3o dos candidatos ser\u00e1 baseada na nota do Exame Nacional das P\u00f3s-gradua\u00e7\u00f5es em F\u00edsica (EUF), realizado h\u00e1 n\u00e3o mais de dois anos. Para obter informa\u00e7\u00f5es detalhadas sobre o EUF, acesse <a href=\"http:\/\/sbfisica.org.br\/v1\/euf\/\">sbfisica.org.br\/v1\/euf\/<\/a>.<\/p>\n\n\n\n<p>Convidamos os interessados a se inscreverem e aprofundarem seus conhecimentos em um ambiente de excel\u00eancia acad\u00eamica. Acesse o edital de convoca\u00e7\u00e3o abaixo para obter mais informa\u00e7\u00f5es.<\/p>\n\n\n\n<p><a href=\"https:\/\/pos.uel.br\/fisica\/editais\/edital-de-selecao-2o-semestre-de-2024-2\/\">Edital de convoca\u00e7\u00e3o<\/a> &#8211; <a href=\"https:\/\/pos.uel.br\/fisica\/editais\/resultado-do-edital-de-selecao-2o-semestre-de-2024\/\">Resultado<\/a><br><a href=\"https:\/\/pos.uel.br\/fisica\/editais\/edital-de-selecao-2o-semestre-de-2024-retificacao\/\">Retifica\u00e7\u00e3o<\/a><\/p>\n\n\n\n<p><a href=\"https:\/\/pos.uel.br\/fisica\/editais\/edital-de-classificacao-para-bolsas-2024-2\/\"><strong>Edital de classifica\u00e7\u00e3o de Bolsas.<\/strong><\/a><\/p>\n\n\n\n<p><a href=\"https:\/\/pos.uel.br\/fisica\/editais\/classificacao-para-bolsa-2o-semestre-de-2024\/\"><strong>Resultado do edital de classifica\u00e7\u00e3o para bolsas.<\/strong><\/a><\/p>\n\n\n\n<p>Este edital \u00e9 destinado aos estudantes que est\u00e3o atualmente ingressando e tamb\u00e9m \u00e0queles que j\u00e1 ingressaram, mas ainda n\u00e3o foram contemplados com bolsa de estudos. Aberto para candidaturas no Mestrado ou Doutorado em F\u00edsica da UEL. <strong><mark style=\"color:#ff0000\" class=\"has-inline-color\">\u00c9 importante ressaltar que os alunos ingressantes que n\u00e3o se inscreverem neste edital n\u00e3o ser\u00e3o considerados para a concess\u00e3o de bolsas.<\/mark><\/strong><\/p>\n\n\n\n<p><a href=\"http:\/\/www.uel.br\/eventos\/sigec\/?id=8977\">Requerimento de Isen\u00e7\u00e3o Cad\u00danico &#8211;&nbsp;02 a 04\/04\/2024<\/a><br>Pedidos de isen\u00e7\u00e3o por Cad\u00danico deferidos:<br>C\u00f3digo de inscri\u00e7\u00e3o: 526701, 528392<\/p>\n\n\n\n<p>* A implementa\u00e7\u00e3o das bolsas depende da disponibilidade das quotas do programa no in\u00edcio do segundo semestre.<\/p>\n","protected":false},"excerpt":{"rendered":"<p>O Programa de P\u00f3s-gradua\u00e7\u00e3o em F\u00edsica da Universidade Estadual de Londrina anuncia a abertura das inscri\u00e7\u00f5es para os cursos de Mestrado e Doutorado, com in\u00edcio previsto para o segundo semestre de 2024. As inscri\u00e7\u00f5es estar\u00e3o abertas entre os dias 17\/04 e 17\/05 de 2024, e os candidatos poder\u00e3o solicitar a isen\u00e7\u00e3o da taxa de inscri\u00e7\u00e3o [&hellip;]<\/p>\n","protected":false},"author":10,"featured_media":0,"comment_status":"open","ping_status":"open","sticky":false,"template":"","format":"standard","meta":{"_acf_changed":false,"footnotes":""},"categories":[381],"tags":[],"class_list":["post-1072","post","type-post","status-publish","format-standard","hentry","category-chamadas-pt"],"acf":[],"_links":{"self":[{"href":"https:\/\/pos.uel.br\/fisica\/wp-json\/wp\/v2\/posts\/1072","targetHints":{"allow":["GET"]}}],"collection":[{"href":"https:\/\/pos.uel.br\/fisica\/wp-json\/wp\/v2\/posts"}],"about":[{"href":"https:\/\/pos.uel.br\/fisica\/wp-json\/wp\/v2\/types\/post"}],"author":[{"embeddable":true,"href":"https:\/\/pos.uel.br\/fisica\/wp-json\/wp\/v2\/users\/10"}],"replies":[{"embeddable":true,"href":"https:\/\/pos.uel.br\/fisica\/wp-json\/wp\/v2\/comments?post=1072"}],"version-history":[{"count":9,"href":"https:\/\/pos.uel.br\/fisica\/wp-json\/wp\/v2\/posts\/1072\/revisions"}],"predecessor-version":[{"id":1136,"href":"https:\/\/pos.uel.br\/fisica\/wp-json\/wp\/v2\/posts\/1072\/revisions\/1136"}],"wp:attachment":[{"href":"https:\/\/pos.uel.br\/fisica\/wp-json\/wp\/v2\/media?parent=1072"}],"wp:term":[{"taxonomy":"category","embeddable":true,"href":"https:\/\/pos.uel.br\/fisica\/wp-json\/wp\/v2\/categories?post=1072"},{"taxonomy":"post_tag","embeddable":true,"href":"https:\/\/pos.uel.br\/fisica\/wp-json\/wp\/v2\/tags?post=1072"}],"curies":[{"name":"wp","href":"https:\/\/api.w.org\/{rel}","templated":true}]}}