{"id":301,"count":2,"description":"","link":"https:\/\/pos.uel.br\/fisica\/palavra-chave\/perturbacoes-cosmologicas\/","name":"Perturba\u00e7\u00f5es Cosmol\u00f3gicas","slug":"perturbacoes-cosmologicas","taxonomy":"palavra-chave","meta":[],"acf":[],"_links":{"self":[{"href":"https:\/\/pos.uel.br\/fisica\/wp-json\/wp\/v2\/palavra-chave\/301","targetHints":{"allow":["GET"]}}],"collection":[{"href":"https:\/\/pos.uel.br\/fisica\/wp-json\/wp\/v2\/palavra-chave"}],"about":[{"href":"https:\/\/pos.uel.br\/fisica\/wp-json\/wp\/v2\/taxonomies\/palavra-chave"}]}}