{"id":242,"count":1,"description":"","link":"https:\/\/pos.uel.br\/fisica\/palavra-chave\/transicao-de-fase-classica\/","name":"Transi\u00e7\u00e3o de Fase Cl\u00e1ssica","slug":"transicao-de-fase-classica","taxonomy":"palavra-chave","meta":[],"acf":[],"_links":{"self":[{"href":"https:\/\/pos.uel.br\/fisica\/wp-json\/wp\/v2\/palavra-chave\/242","targetHints":{"allow":["GET"]}}],"collection":[{"href":"https:\/\/pos.uel.br\/fisica\/wp-json\/wp\/v2\/palavra-chave"}],"about":[{"href":"https:\/\/pos.uel.br\/fisica\/wp-json\/wp\/v2\/taxonomies\/palavra-chave"}]}}