{"id":200,"count":2,"description":"","link":"https:\/\/pos.uel.br\/fisica\/palavra-chave\/radiacao-cosmica-de-fundo\/","name":"Radia\u00e7\u00e3o C\u00f3smica de Fundo","slug":"radiacao-cosmica-de-fundo","taxonomy":"palavra-chave","meta":[],"acf":[],"_links":{"self":[{"href":"https:\/\/pos.uel.br\/fisica\/wp-json\/wp\/v2\/palavra-chave\/200","targetHints":{"allow":["GET"]}}],"collection":[{"href":"https:\/\/pos.uel.br\/fisica\/wp-json\/wp\/v2\/palavra-chave"}],"about":[{"href":"https:\/\/pos.uel.br\/fisica\/wp-json\/wp\/v2\/taxonomies\/palavra-chave"}]}}