{"id":176,"count":1,"description":"","link":"https:\/\/pos.uel.br\/fisica\/palavra-chave\/correlacoes-quanticas\/","name":"correla\u00e7\u00f5es qu\u00e2nticas","slug":"correlacoes-quanticas","taxonomy":"palavra-chave","meta":[],"acf":[],"_links":{"self":[{"href":"https:\/\/pos.uel.br\/fisica\/wp-json\/wp\/v2\/palavra-chave\/176","targetHints":{"allow":["GET"]}}],"collection":[{"href":"https:\/\/pos.uel.br\/fisica\/wp-json\/wp\/v2\/palavra-chave"}],"about":[{"href":"https:\/\/pos.uel.br\/fisica\/wp-json\/wp\/v2\/taxonomies\/palavra-chave"}]}}