{"id":319,"date":"2026-04-17T07:58:46","date_gmt":"2026-04-17T10:58:46","guid":{"rendered":"https:\/\/pos.uel.br\/est\/?p=319"},"modified":"2026-04-17T07:58:46","modified_gmt":"2026-04-17T10:58:46","slug":"acesse-aqui-o-edital-2026","status":"publish","type":"post","link":"https:\/\/pos.uel.br\/est\/editais-de-selecao\/2026\/04\/17\/acesse-aqui-o-edital-2026\/","title":{"rendered":"Acesse aqui o edital 2026"},"content":{"rendered":"\n<p>Edital com as informa\u00e7\u00f5es do curso de Engenharia de Seguran\u00e7a do Trabalho para a turma que inicia em agosto de 2026<\/p>\n\n\n\n<div data-wp-interactive=\"core\/file\" class=\"wp-block-file\"><object data-wp-bind--hidden=\"!state.hasPdfPreview\" hidden class=\"wp-block-file__embed\" data=\"https:\/\/pos.uel.br\/est\/wp-content\/uploads\/2026\/04\/EDITAL_ABERTURA_2026-2_Curso_especializacao_em_Seguranca_assinado.pdf\" type=\"application\/pdf\" style=\"width:100%;height:600px\" aria-label=\"Incorporado de EDITAL_ABERTURA_2026-2_Curso_especializacao_em_Seguranca_assinado.\"><\/object><a id=\"wp-block-file--media-1bd0975d-e484-4422-aa34-4340bbd9df44\" href=\"https:\/\/pos.uel.br\/est\/wp-content\/uploads\/2026\/04\/EDITAL_ABERTURA_2026-2_Curso_especializacao_em_Seguranca_assinado.pdf\">EDITAL_ABERTURA_2026-2_Curso_especializacao_em_Seguranca_assinado<\/a><a href=\"https:\/\/pos.uel.br\/est\/wp-content\/uploads\/2026\/04\/EDITAL_ABERTURA_2026-2_Curso_especializacao_em_Seguranca_assinado.pdf\" class=\"wp-block-file__button wp-element-button\" download aria-describedby=\"wp-block-file--media-1bd0975d-e484-4422-aa34-4340bbd9df44\">Baixar<\/a><\/div>\n","protected":false},"excerpt":{"rendered":"<p>Edital com as informa\u00e7\u00f5es do curso de Engenharia de Seguran\u00e7a do Trabalho para a turma que inicia em agosto de 2026<\/p>\n","protected":false},"author":7,"featured_media":0,"comment_status":"open","ping_status":"open","sticky":false,"template":"","format":"standard","meta":{"_acf_changed":false,"_themeisle_gutenberg_block_has_review":false,"footnotes":""},"categories":[6],"tags":[],"class_list":["post-319","post","type-post","status-publish","format-standard","hentry","category-editais-de-selecao"],"acf":[],"_links":{"self":[{"href":"https:\/\/pos.uel.br\/est\/wp-json\/wp\/v2\/posts\/319","targetHints":{"allow":["GET"]}}],"collection":[{"href":"https:\/\/pos.uel.br\/est\/wp-json\/wp\/v2\/posts"}],"about":[{"href":"https:\/\/pos.uel.br\/est\/wp-json\/wp\/v2\/types\/post"}],"author":[{"embeddable":true,"href":"https:\/\/pos.uel.br\/est\/wp-json\/wp\/v2\/users\/7"}],"replies":[{"embeddable":true,"href":"https:\/\/pos.uel.br\/est\/wp-json\/wp\/v2\/comments?post=319"}],"version-history":[{"count":1,"href":"https:\/\/pos.uel.br\/est\/wp-json\/wp\/v2\/posts\/319\/revisions"}],"predecessor-version":[{"id":321,"href":"https:\/\/pos.uel.br\/est\/wp-json\/wp\/v2\/posts\/319\/revisions\/321"}],"wp:attachment":[{"href":"https:\/\/pos.uel.br\/est\/wp-json\/wp\/v2\/media?parent=319"}],"wp:term":[{"taxonomy":"category","embeddable":true,"href":"https:\/\/pos.uel.br\/est\/wp-json\/wp\/v2\/categories?post=319"},{"taxonomy":"post_tag","embeddable":true,"href":"https:\/\/pos.uel.br\/est\/wp-json\/wp\/v2\/tags?post=319"}],"curies":[{"name":"wp","href":"https:\/\/api.w.org\/{rel}","templated":true}]}}