{"id":4427,"date":"2026-04-30T09:31:33","date_gmt":"2026-04-30T12:31:33","guid":{"rendered":"https:\/\/pos.uel.br\/direito-negocial\/?p=4427"},"modified":"2026-04-30T09:32:34","modified_gmt":"2026-04-30T12:32:34","slug":"prorrogadas-as-inscricoes-de-submissoes-para-o-vi-ciged-2026-e-o-vii-sidecied-2026","status":"publish","type":"post","link":"https:\/\/pos.uel.br\/direito-negocial\/sem-categoria\/2026\/04\/30\/prorrogadas-as-inscricoes-de-submissoes-para-o-vi-ciged-2026-e-o-vii-sidecied-2026\/","title":{"rendered":"Prorrogadas as inscri\u00e7\u00f5es para submiss\u00f5es de resumos expandidos para o VI CIGED 2026 e o VII SIDeCiED 2026"},"content":{"rendered":"\n<p>\ud83d\udce2 PRAZO PRORROGADO!<\/p>\n\n\n\n<p>Voc\u00eas pediram e a gente prorrogou! O envio de resumos para o VI CIGED 2026 e o VII SIDeCiED 2026 poder\u00e1 ser feito at\u00e9 4 de maio de 2026, \u00e0s 23h59 \u2014 hor\u00e1rio de Bras\u00edlia.<\/p>\n\n\n\n<p>Os dois eventos j\u00e1 receberam mais de 300 trabalhos e ainda d\u00e1 tempo de submeter o seu resumo para participar das atividades on-line e presenciais na Espanha.<\/p>\n\n\n\n<p>\ud83d\udccd VI CIGED 2026 \u2014 Salamanca<br>\ud83d\udccd VII SIDeCiED 2026 \u2014 Ourense<\/p>\n\n\n\n<p>Acesse os editais e formul\u00e1rios oficiais pelo LinkTree do IGH:<br>linktr.ee\/institutoGH<\/p>\n\n\n\n<figure class=\"wp-block-gallery has-nested-images columns-default is-cropped wp-block-gallery-1 is-layout-flex wp-block-gallery-is-layout-flex\">\n<figure class=\"wp-block-image size-large\"><img loading=\"lazy\" decoding=\"async\" width=\"724\" height=\"1024\" data-id=\"4430\" src=\"https:\/\/pos.uel.br\/direito-negocial\/wp-content\/uploads\/2026\/04\/WhatsApp-Image-2026-04-30-at-09.26.14-1-724x1024.jpeg\" alt=\"\" class=\"wp-image-4430\" srcset=\"https:\/\/pos.uel.br\/direito-negocial\/wp-content\/uploads\/2026\/04\/WhatsApp-Image-2026-04-30-at-09.26.14-1-724x1024.jpeg 724w, https:\/\/pos.uel.br\/direito-negocial\/wp-content\/uploads\/2026\/04\/WhatsApp-Image-2026-04-30-at-09.26.14-1-212x300.jpeg 212w, https:\/\/pos.uel.br\/direito-negocial\/wp-content\/uploads\/2026\/04\/WhatsApp-Image-2026-04-30-at-09.26.14-1-768x1086.jpeg 768w, https:\/\/pos.uel.br\/direito-negocial\/wp-content\/uploads\/2026\/04\/WhatsApp-Image-2026-04-30-at-09.26.14-1-1086x1536.jpeg 1086w, https:\/\/pos.uel.br\/direito-negocial\/wp-content\/uploads\/2026\/04\/WhatsApp-Image-2026-04-30-at-09.26.14-1.jpeg 1131w\" sizes=\"auto, (max-width: 724px) 100vw, 724px\" \/><\/figure>\n\n\n\n<figure class=\"wp-block-image size-large\"><img loading=\"lazy\" decoding=\"async\" width=\"1024\" height=\"1024\" data-id=\"4431\" src=\"https:\/\/pos.uel.br\/direito-negocial\/wp-content\/uploads\/2026\/04\/WhatsApp-Image-2026-04-30-at-09.22.29-1-1024x1024.jpeg\" alt=\"\" class=\"wp-image-4431\" srcset=\"https:\/\/pos.uel.br\/direito-negocial\/wp-content\/uploads\/2026\/04\/WhatsApp-Image-2026-04-30-at-09.22.29-1-1024x1024.jpeg 1024w, https:\/\/pos.uel.br\/direito-negocial\/wp-content\/uploads\/2026\/04\/WhatsApp-Image-2026-04-30-at-09.22.29-1-300x300.jpeg 300w, https:\/\/pos.uel.br\/direito-negocial\/wp-content\/uploads\/2026\/04\/WhatsApp-Image-2026-04-30-at-09.22.29-1-150x150.jpeg 150w, https:\/\/pos.uel.br\/direito-negocial\/wp-content\/uploads\/2026\/04\/WhatsApp-Image-2026-04-30-at-09.22.29-1-768x768.jpeg 768w, https:\/\/pos.uel.br\/direito-negocial\/wp-content\/uploads\/2026\/04\/WhatsApp-Image-2026-04-30-at-09.22.29-1.jpeg 1254w\" sizes=\"auto, (max-width: 1024px) 100vw, 1024px\" \/><\/figure>\n<\/figure>\n","protected":false},"excerpt":{"rendered":"<p>\ud83d\udce2 PRAZO PRORROGADO! Voc\u00eas pediram e a gente prorrogou! O envio de resumos para o VI CIGED 2026 e o VII SIDeCiED 2026 poder\u00e1 ser feito at\u00e9 4 de maio de 2026, \u00e0s 23h59 \u2014 hor\u00e1rio de Bras\u00edlia. Os dois eventos j\u00e1 receberam mais de 300 trabalhos e ainda d\u00e1 tempo de submeter o seu [&hellip;]<\/p>\n","protected":false},"author":32,"featured_media":4430,"comment_status":"open","ping_status":"open","sticky":false,"template":"","format":"standard","meta":{"_acf_changed":false,"footnotes":""},"categories":[1],"tags":[],"class_list":["post-4427","post","type-post","status-publish","format-standard","has-post-thumbnail","hentry","category-sem-categoria"],"acf":[],"_links":{"self":[{"href":"https:\/\/pos.uel.br\/direito-negocial\/wp-json\/wp\/v2\/posts\/4427","targetHints":{"allow":["GET"]}}],"collection":[{"href":"https:\/\/pos.uel.br\/direito-negocial\/wp-json\/wp\/v2\/posts"}],"about":[{"href":"https:\/\/pos.uel.br\/direito-negocial\/wp-json\/wp\/v2\/types\/post"}],"author":[{"embeddable":true,"href":"https:\/\/pos.uel.br\/direito-negocial\/wp-json\/wp\/v2\/users\/32"}],"replies":[{"embeddable":true,"href":"https:\/\/pos.uel.br\/direito-negocial\/wp-json\/wp\/v2\/comments?post=4427"}],"version-history":[{"count":2,"href":"https:\/\/pos.uel.br\/direito-negocial\/wp-json\/wp\/v2\/posts\/4427\/revisions"}],"predecessor-version":[{"id":4433,"href":"https:\/\/pos.uel.br\/direito-negocial\/wp-json\/wp\/v2\/posts\/4427\/revisions\/4433"}],"wp:featuredmedia":[{"embeddable":true,"href":"https:\/\/pos.uel.br\/direito-negocial\/wp-json\/wp\/v2\/media\/4430"}],"wp:attachment":[{"href":"https:\/\/pos.uel.br\/direito-negocial\/wp-json\/wp\/v2\/media?parent=4427"}],"wp:term":[{"taxonomy":"category","embeddable":true,"href":"https:\/\/pos.uel.br\/direito-negocial\/wp-json\/wp\/v2\/categories?post=4427"},{"taxonomy":"post_tag","embeddable":true,"href":"https:\/\/pos.uel.br\/direito-negocial\/wp-json\/wp\/v2\/tags?post=4427"}],"curies":[{"name":"wp","href":"https:\/\/api.w.org\/{rel}","templated":true}]}}