{"id":4421,"date":"2026-04-29T10:23:12","date_gmt":"2026-04-29T13:23:12","guid":{"rendered":"https:\/\/pos.uel.br\/direito-negocial\/?p=4421"},"modified":"2026-04-29T10:23:12","modified_gmt":"2026-04-29T13:23:12","slug":"ppgdn-uel-promove-palestra-internacional-sobre-negociacao-coletiva-supranacional","status":"publish","type":"post","link":"https:\/\/pos.uel.br\/direito-negocial\/sem-categoria\/2026\/04\/29\/ppgdn-uel-promove-palestra-internacional-sobre-negociacao-coletiva-supranacional\/","title":{"rendered":"PPGDN\/UEL promove palestra internacional sobre negocia\u00e7\u00e3o coletiva supranacional"},"content":{"rendered":"\n<p>Programa de Mestrado e Doutorado em Direito Negocial da UEL recebe professor internacional para palestra sobre negocia\u00e7\u00e3o coletiva supranacional<\/p>\n\n\n\n<p>No dia 28 de abril de 2026, a Universidade teve a honra de receber o professor <strong>Alejandro Castello<\/strong>, da <strong>Universidad de la Rep\u00fablica (UDELAR)<\/strong>, para ministrar a palestra intitulada \u201c<strong>Negociaci\u00f3n colectiva supranacional<\/strong>\u201d.<\/p>\n\n\n\n<p>O evento proporcionou \u00e0 comunidade acad\u00eamica uma oportunidade enriquecedora de contato com perspectivas internacionais sobre o tema, contribuindo para o aprofundamento do debate jur\u00eddico e para a amplia\u00e7\u00e3o do conhecimento na \u00e1rea. A presen\u00e7a do professor Alejandro Castello refor\u00e7a a import\u00e2ncia da coopera\u00e7\u00e3o acad\u00eamica entre institui\u00e7\u00f5es de diferentes pa\u00edses, promovendo o interc\u00e2mbio de ideias e experi\u00eancias.<\/p>\n\n\n\n<p>A iniciativa destaca o compromisso da UEL com a internacionaliza\u00e7\u00e3o do ensino e com a promo\u00e7\u00e3o de eventos de alto n\u00edvel acad\u00eamico, que fomentam a reflex\u00e3o cr\u00edtica e o desenvolvimento cient\u00edfico.<\/p>\n\n\n\n<p>A Universidade reafirma seu empenho em seguir promovendo atividades que contribuam para a forma\u00e7\u00e3o qualificada de seus estudantes e para o fortalecimento da pesquisa e da extens\u00e3o.<\/p>\n\n\n\n<div class=\"wp-block-columns is-layout-flex wp-container-core-columns-is-layout-9d6595d7 wp-block-columns-is-layout-flex\">\n<div class=\"wp-block-column is-layout-flow wp-block-column-is-layout-flow\" style=\"flex-basis:100%\">\n<figure class=\"wp-block-image size-large\"><img loading=\"lazy\" decoding=\"async\" width=\"1024\" height=\"768\" src=\"https:\/\/pos.uel.br\/direito-negocial\/wp-content\/uploads\/2026\/04\/WhatsApp-Image-2026-04-29-at-10.14.10-1-1024x768.jpeg\" alt=\"\" class=\"wp-image-4424\" srcset=\"https:\/\/pos.uel.br\/direito-negocial\/wp-content\/uploads\/2026\/04\/WhatsApp-Image-2026-04-29-at-10.14.10-1-1024x768.jpeg 1024w, https:\/\/pos.uel.br\/direito-negocial\/wp-content\/uploads\/2026\/04\/WhatsApp-Image-2026-04-29-at-10.14.10-1-300x225.jpeg 300w, https:\/\/pos.uel.br\/direito-negocial\/wp-content\/uploads\/2026\/04\/WhatsApp-Image-2026-04-29-at-10.14.10-1-768x576.jpeg 768w, https:\/\/pos.uel.br\/direito-negocial\/wp-content\/uploads\/2026\/04\/WhatsApp-Image-2026-04-29-at-10.14.10-1.jpeg 1280w\" sizes=\"auto, (max-width: 1024px) 100vw, 1024px\" \/><\/figure>\n<\/div>\n<\/div>\n\n\n\n<div class=\"wp-block-columns is-layout-flex wp-container-core-columns-is-layout-9d6595d7 wp-block-columns-is-layout-flex\">\n<div class=\"wp-block-column is-layout-flow wp-block-column-is-layout-flow\" style=\"flex-basis:100%\"><\/div>\n<\/div>\n","protected":false},"excerpt":{"rendered":"<p>Programa de Mestrado e Doutorado em Direito Negocial da UEL recebe professor internacional para palestra sobre negocia\u00e7\u00e3o coletiva supranacional No dia 28 de abril de 2026, a Universidade teve a honra de receber o professor Alejandro Castello, da Universidad de la Rep\u00fablica (UDELAR), para ministrar a palestra intitulada \u201cNegociaci\u00f3n colectiva supranacional\u201d. O evento proporcionou \u00e0 [&hellip;]<\/p>\n","protected":false},"author":9,"featured_media":4425,"comment_status":"open","ping_status":"open","sticky":false,"template":"","format":"standard","meta":{"_acf_changed":false,"footnotes":""},"categories":[1],"tags":[],"class_list":["post-4421","post","type-post","status-publish","format-standard","has-post-thumbnail","hentry","category-sem-categoria"],"acf":[],"_links":{"self":[{"href":"https:\/\/pos.uel.br\/direito-negocial\/wp-json\/wp\/v2\/posts\/4421","targetHints":{"allow":["GET"]}}],"collection":[{"href":"https:\/\/pos.uel.br\/direito-negocial\/wp-json\/wp\/v2\/posts"}],"about":[{"href":"https:\/\/pos.uel.br\/direito-negocial\/wp-json\/wp\/v2\/types\/post"}],"author":[{"embeddable":true,"href":"https:\/\/pos.uel.br\/direito-negocial\/wp-json\/wp\/v2\/users\/9"}],"replies":[{"embeddable":true,"href":"https:\/\/pos.uel.br\/direito-negocial\/wp-json\/wp\/v2\/comments?post=4421"}],"version-history":[{"count":1,"href":"https:\/\/pos.uel.br\/direito-negocial\/wp-json\/wp\/v2\/posts\/4421\/revisions"}],"predecessor-version":[{"id":4426,"href":"https:\/\/pos.uel.br\/direito-negocial\/wp-json\/wp\/v2\/posts\/4421\/revisions\/4426"}],"wp:featuredmedia":[{"embeddable":true,"href":"https:\/\/pos.uel.br\/direito-negocial\/wp-json\/wp\/v2\/media\/4425"}],"wp:attachment":[{"href":"https:\/\/pos.uel.br\/direito-negocial\/wp-json\/wp\/v2\/media?parent=4421"}],"wp:term":[{"taxonomy":"category","embeddable":true,"href":"https:\/\/pos.uel.br\/direito-negocial\/wp-json\/wp\/v2\/categories?post=4421"},{"taxonomy":"post_tag","embeddable":true,"href":"https:\/\/pos.uel.br\/direito-negocial\/wp-json\/wp\/v2\/tags?post=4421"}],"curies":[{"name":"wp","href":"https:\/\/api.w.org\/{rel}","templated":true}]}}