{"id":4418,"date":"2026-04-29T10:16:35","date_gmt":"2026-04-29T13:16:35","guid":{"rendered":"https:\/\/pos.uel.br\/direito-negocial\/?p=4418"},"modified":"2026-04-29T10:16:35","modified_gmt":"2026-04-29T13:16:35","slug":"premio-capes-de-tese-edicao-2026","status":"publish","type":"post","link":"https:\/\/pos.uel.br\/direito-negocial\/sem-categoria\/2026\/04\/29\/premio-capes-de-tese-edicao-2026\/","title":{"rendered":"Pr\u00eamio CAPES de Tese \u2013 Edi\u00e7\u00e3o 2026"},"content":{"rendered":"\n<p>Inscri\u00e7\u00f5es abertas para o Pr\u00eamio CAPES de Tese \u2013 Edi\u00e7\u00e3o 2026<\/p>\n\n\n\n<p>A Universidade Estadual de Londrina (UEL) informa que estar\u00e3o abertas, no per\u00edodo de 05 a 15 de maio de 2026, as inscri\u00e7\u00f5es para sele\u00e7\u00e3o interna de teses que representar\u00e3o a institui\u00e7\u00e3o no Pr\u00eamio CAPES de Teses \u2013 Edi\u00e7\u00e3o 2026, promovido pela Coordena\u00e7\u00e3o de Aperfei\u00e7oamento de Pessoal de N\u00edvel Superior (CAPES).<\/p>\n\n\n\n<p>O Pr\u00eamio CAPES de Teses tem como objetivo reconhecer as melhores teses de doutorado defendidas no Brasil, destacando trabalhos de excel\u00eancia e relev\u00e2ncia cient\u00edfica em diversas \u00e1reas do conhecimento. A iniciativa valoriza a produ\u00e7\u00e3o acad\u00eamica nacional e incentiva o desenvolvimento de pesquisas de alto impacto.<\/p>\n\n\n\n<p>Os interessados devem consultar o edital espec\u00edfico da UEL, bem como as orienta\u00e7\u00f5es de seus respectivos Programas de P\u00f3s-Gradua\u00e7\u00e3o, para verificar os crit\u00e9rios de participa\u00e7\u00e3o, documenta\u00e7\u00e3o exigida e procedimentos para inscri\u00e7\u00e3o.<\/p>\n\n\n\n<p>A UEL refor\u00e7a a import\u00e2ncia da participa\u00e7\u00e3o de seus egressos e programas de p\u00f3s-gradua\u00e7\u00e3o, incentivando a submiss\u00e3o de trabalhos que evidenciem a qualidade e a relev\u00e2ncia da pesquisa desenvolvida na institui\u00e7\u00e3o.<\/p>\n\n\n\n<p>Para mais informa\u00e7\u00f5es, acesse o <strong><a href=\"https:\/\/pos.uel.br\/direito-negocial\/premio-capes-de-tese-2026\/\" data-type=\"link\" data-id=\"https:\/\/pos.uel.br\/direito-negocial\/premio-capes-de-tese-2026\/\">edital<\/a><\/strong> ou entre em contato com a coordena\u00e7\u00e3o do seu programa de p\u00f3s-gradua\u00e7\u00e3o.<\/p>\n\n\n\n<figure class=\"wp-block-image size-full is-resized\"><img loading=\"lazy\" decoding=\"async\" width=\"500\" height=\"284\" src=\"https:\/\/pos.uel.br\/direito-negocial\/wp-content\/uploads\/2026\/04\/capestese-marca-500.jpg\" alt=\"\" class=\"wp-image-4419\" style=\"aspect-ratio:1.760577915376677;width:652px;height:auto\" srcset=\"https:\/\/pos.uel.br\/direito-negocial\/wp-content\/uploads\/2026\/04\/capestese-marca-500.jpg 500w, https:\/\/pos.uel.br\/direito-negocial\/wp-content\/uploads\/2026\/04\/capestese-marca-500-300x170.jpg 300w\" sizes=\"auto, (max-width: 500px) 100vw, 500px\" \/><\/figure>\n","protected":false},"excerpt":{"rendered":"<p>Inscri\u00e7\u00f5es abertas para o Pr\u00eamio CAPES de Tese \u2013 Edi\u00e7\u00e3o 2026 A Universidade Estadual de Londrina (UEL) informa que estar\u00e3o abertas, no per\u00edodo de 05 a 15 de maio de 2026, as inscri\u00e7\u00f5es para sele\u00e7\u00e3o interna de teses que representar\u00e3o a institui\u00e7\u00e3o no Pr\u00eamio CAPES de Teses \u2013 Edi\u00e7\u00e3o 2026, promovido pela Coordena\u00e7\u00e3o de Aperfei\u00e7oamento [&hellip;]<\/p>\n","protected":false},"author":9,"featured_media":4419,"comment_status":"open","ping_status":"open","sticky":false,"template":"","format":"standard","meta":{"_acf_changed":false,"footnotes":""},"categories":[1],"tags":[],"class_list":["post-4418","post","type-post","status-publish","format-standard","has-post-thumbnail","hentry","category-sem-categoria"],"acf":[],"_links":{"self":[{"href":"https:\/\/pos.uel.br\/direito-negocial\/wp-json\/wp\/v2\/posts\/4418","targetHints":{"allow":["GET"]}}],"collection":[{"href":"https:\/\/pos.uel.br\/direito-negocial\/wp-json\/wp\/v2\/posts"}],"about":[{"href":"https:\/\/pos.uel.br\/direito-negocial\/wp-json\/wp\/v2\/types\/post"}],"author":[{"embeddable":true,"href":"https:\/\/pos.uel.br\/direito-negocial\/wp-json\/wp\/v2\/users\/9"}],"replies":[{"embeddable":true,"href":"https:\/\/pos.uel.br\/direito-negocial\/wp-json\/wp\/v2\/comments?post=4418"}],"version-history":[{"count":1,"href":"https:\/\/pos.uel.br\/direito-negocial\/wp-json\/wp\/v2\/posts\/4418\/revisions"}],"predecessor-version":[{"id":4420,"href":"https:\/\/pos.uel.br\/direito-negocial\/wp-json\/wp\/v2\/posts\/4418\/revisions\/4420"}],"wp:featuredmedia":[{"embeddable":true,"href":"https:\/\/pos.uel.br\/direito-negocial\/wp-json\/wp\/v2\/media\/4419"}],"wp:attachment":[{"href":"https:\/\/pos.uel.br\/direito-negocial\/wp-json\/wp\/v2\/media?parent=4418"}],"wp:term":[{"taxonomy":"category","embeddable":true,"href":"https:\/\/pos.uel.br\/direito-negocial\/wp-json\/wp\/v2\/categories?post=4418"},{"taxonomy":"post_tag","embeddable":true,"href":"https:\/\/pos.uel.br\/direito-negocial\/wp-json\/wp\/v2\/tags?post=4418"}],"curies":[{"name":"wp","href":"https:\/\/api.w.org\/{rel}","templated":true}]}}