{"id":4390,"date":"2026-04-27T10:37:59","date_gmt":"2026-04-27T13:37:59","guid":{"rendered":"https:\/\/pos.uel.br\/direito-negocial\/?p=4390"},"modified":"2026-04-27T10:38:44","modified_gmt":"2026-04-27T13:38:44","slug":"ppgdn-uel-participa-do-v-simposio-brasil-paraguai-de-direito-internacional-e-desenvolvimento","status":"publish","type":"post","link":"https:\/\/pos.uel.br\/direito-negocial\/sem-categoria\/2026\/04\/27\/ppgdn-uel-participa-do-v-simposio-brasil-paraguai-de-direito-internacional-e-desenvolvimento\/","title":{"rendered":"PPGDN\/UEL participa do V Simp\u00f3sio Brasil\u2013Paraguai de Direito Internacional e Desenvolvimento"},"content":{"rendered":"\n<p>O Programa de P\u00f3s-Gradua\u00e7\u00e3o em Direito Negocial da Universidade Estadual de Londrina (PPGDN\/UEL), em parceria com a Universidad Nacional de Canindey\u00fa (UNICAN), participou do V Simp\u00f3sio Brasil\u2013Paraguai de Direito Internacional e Desenvolvimento, realizado entre os dias 07 e 11 de abril, na cidade de Saltos del Guair\u00e1, no Paraguai.<\/p>\n\n\n\n<p>O evento reuniu docentes, pesquisadores e discentes de ambos os pa\u00edses, consolidando-se como um importante espa\u00e7o de integra\u00e7\u00e3o acad\u00eamica, produ\u00e7\u00e3o cient\u00edfica e internacionaliza\u00e7\u00e3o do ensino jur\u00eddico. Representando o PPGDN\/UEL, estiveram presentes o coordenador do programa, Prof. Dr. Clodomiro Bannwart Junior, al\u00e9m dos professores Dra. Tania Lobo, Dra. Patr\u00edcia Ayub, Dr. Miguel Etinger, Dr. Luiz Alberto, Dr. Elve Miguel Cenci e Dr. Lourival, entre outros participantes.<\/p>\n\n\n\n<p>A programa\u00e7\u00e3o teve in\u00edcio com a realiza\u00e7\u00e3o de semin\u00e1rios conjuntos entre doutorandos da UEL e da UNICAN, promovendo um ambiente de di\u00e1logo acad\u00eamico e troca de experi\u00eancias entre os estudantes.<\/p>\n\n\n\n<p>Na sequ\u00eancia, foi realizado o encontro \u201cLa centralidad del consenso en la gesti\u00f3n de los conflictos contempor\u00e1neos\u201d, sediado no Poder Judicial de Saltos del Guair\u00e1, com a participa\u00e7\u00e3o de ju\u00edzes, ministros e professores renomados do Brasil e do Paraguai. As palestras abordaram temas relevantes e atuais do Direito, destacando-se:<\/p>\n\n\n\n<p>La centralidad del Consenso en la Gesti\u00f3n de los Conflictos Contempor\u00e1neos \u2013 Dra. Patr\u00edcia Ayub da Costa (UEL \u2013 Brasil)<br>La opacidad del sistema republicano y su repercusi\u00f3n directa en el sistema de garant\u00edas penales \u2013 Dr. Alfredo Kronawetter Z. (UNICAN \u2013 Paraguai)<br>Organizaci\u00f3n Judicial Brasilera y los Desaf\u00edos de la Contemporaneidad \u2013 Dr. Mauro Henrique Veltrini Ticianelli (Juiz de Direito \u2013 Brasil)<br>Insuficiencia jur\u00eddica-pol\u00edtica en la Modernidad perif\u00e9rica \u2013 Dr. Clodomiro Bannwart Junior (UEL \u2013 Brasil)<br>Sistema Acusatorio, nuevos desaf\u00edos \u2013 Dra. Mar\u00eda Carolina Llanes Ocampos (Ministra da Corte Suprema de Justi\u00e7a \u2013 Paraguai)<br>El proceso judicial ante los desaf\u00edos del siglo XXI \u2013 Dr. Joel D. Melgarejo Allegretto (UNICAN \u2013 Paraguai)<\/p>\n\n\n\n<p>O encerramento, no dia 11 de abril, foi marcado por um momento de integra\u00e7\u00e3o acad\u00eamica entre as institui\u00e7\u00f5es, com a apresenta\u00e7\u00e3o de trabalhos cient\u00edficos desenvolvidos por alunos de mestrado e doutorado. A atividade promoveu uma rica troca de conhecimentos e possibilitou reflex\u00f5es a partir do Direito Comparado entre Brasil e Paraguai.<\/p>\n\n\n\n<p>O simp\u00f3sio destacou-se pelo elevado n\u00edvel cient\u00edfico e pela intensa participa\u00e7\u00e3o dos p\u00f3s-graduandos, fortalecendo a coopera\u00e7\u00e3o internacional e o compromisso com a produ\u00e7\u00e3o acad\u00eamica qualificada.<\/p>\n\n\n\n<p>Iniciativas como essa reafirmam o papel do PPGDN\/UEL na promo\u00e7\u00e3o da internacionaliza\u00e7\u00e3o, contribuindo para a forma\u00e7\u00e3o de pesquisadores capazes de dialogar com os desafios jur\u00eddicos contempor\u00e2neos em uma perspectiva global.<\/p>\n\n\n\n<figure class=\"wp-block-gallery has-nested-images columns-default is-cropped wp-block-gallery-1 is-layout-flex wp-block-gallery-is-layout-flex\">\n<figure class=\"wp-block-image size-large\"><img loading=\"lazy\" decoding=\"async\" width=\"1024\" height=\"768\" data-id=\"4395\" src=\"https:\/\/pos.uel.br\/direito-negocial\/wp-content\/uploads\/2026\/04\/WhatsApp-Image-2026-04-11-at-20.34.41-2-1024x768.jpeg\" alt=\"\" class=\"wp-image-4395\" srcset=\"https:\/\/pos.uel.br\/direito-negocial\/wp-content\/uploads\/2026\/04\/WhatsApp-Image-2026-04-11-at-20.34.41-2-1024x768.jpeg 1024w, https:\/\/pos.uel.br\/direito-negocial\/wp-content\/uploads\/2026\/04\/WhatsApp-Image-2026-04-11-at-20.34.41-2-300x225.jpeg 300w, https:\/\/pos.uel.br\/direito-negocial\/wp-content\/uploads\/2026\/04\/WhatsApp-Image-2026-04-11-at-20.34.41-2-768x576.jpeg 768w, https:\/\/pos.uel.br\/direito-negocial\/wp-content\/uploads\/2026\/04\/WhatsApp-Image-2026-04-11-at-20.34.41-2.jpeg 1280w\" sizes=\"auto, (max-width: 1024px) 100vw, 1024px\" \/><\/figure>\n<\/figure>\n\n\n\n<figure class=\"wp-block-gallery has-nested-images columns-default is-cropped wp-block-gallery-2 is-layout-flex wp-block-gallery-is-layout-flex\">\n<figure class=\"wp-block-image size-large\"><img loading=\"lazy\" decoding=\"async\" width=\"768\" height=\"1024\" data-id=\"4397\" src=\"https:\/\/pos.uel.br\/direito-negocial\/wp-content\/uploads\/2026\/04\/WhatsApp-Image-2026-04-09-at-22.38.08-768x1024.jpeg\" alt=\"\" class=\"wp-image-4397\" srcset=\"https:\/\/pos.uel.br\/direito-negocial\/wp-content\/uploads\/2026\/04\/WhatsApp-Image-2026-04-09-at-22.38.08-768x1024.jpeg 768w, https:\/\/pos.uel.br\/direito-negocial\/wp-content\/uploads\/2026\/04\/WhatsApp-Image-2026-04-09-at-22.38.08-225x300.jpeg 225w, https:\/\/pos.uel.br\/direito-negocial\/wp-content\/uploads\/2026\/04\/WhatsApp-Image-2026-04-09-at-22.38.08-1152x1536.jpeg 1152w, https:\/\/pos.uel.br\/direito-negocial\/wp-content\/uploads\/2026\/04\/WhatsApp-Image-2026-04-09-at-22.38.08-1536x2048.jpeg 1536w, https:\/\/pos.uel.br\/direito-negocial\/wp-content\/uploads\/2026\/04\/WhatsApp-Image-2026-04-09-at-22.38.08-scaled.jpeg 1920w\" sizes=\"auto, (max-width: 768px) 100vw, 768px\" \/><\/figure>\n<\/figure>\n\n\n\n<figure class=\"wp-block-gallery has-nested-images columns-default is-cropped wp-block-gallery-3 is-layout-flex wp-block-gallery-is-layout-flex\">\n<figure class=\"wp-block-image size-large\"><img loading=\"lazy\" decoding=\"async\" width=\"768\" height=\"1024\" data-id=\"4398\" src=\"https:\/\/pos.uel.br\/direito-negocial\/wp-content\/uploads\/2026\/04\/WhatsApp-Image-2026-04-10-at-18.54.44-768x1024.jpeg\" alt=\"\" class=\"wp-image-4398\" srcset=\"https:\/\/pos.uel.br\/direito-negocial\/wp-content\/uploads\/2026\/04\/WhatsApp-Image-2026-04-10-at-18.54.44-768x1024.jpeg 768w, https:\/\/pos.uel.br\/direito-negocial\/wp-content\/uploads\/2026\/04\/WhatsApp-Image-2026-04-10-at-18.54.44-225x300.jpeg 225w, https:\/\/pos.uel.br\/direito-negocial\/wp-content\/uploads\/2026\/04\/WhatsApp-Image-2026-04-10-at-18.54.44.jpeg 960w\" sizes=\"auto, (max-width: 768px) 100vw, 768px\" \/><\/figure>\n<\/figure>\n\n\n\n<figure class=\"wp-block-gallery has-nested-images columns-default is-cropped wp-block-gallery-4 is-layout-flex wp-block-gallery-is-layout-flex\">\n<figure class=\"wp-block-image size-large\"><img loading=\"lazy\" decoding=\"async\" width=\"1024\" height=\"768\" data-id=\"4399\" src=\"https:\/\/pos.uel.br\/direito-negocial\/wp-content\/uploads\/2026\/04\/WhatsApp-Image-2026-04-09-at-18.53.00-1024x768.jpeg\" alt=\"\" class=\"wp-image-4399\" srcset=\"https:\/\/pos.uel.br\/direito-negocial\/wp-content\/uploads\/2026\/04\/WhatsApp-Image-2026-04-09-at-18.53.00-1024x768.jpeg 1024w, https:\/\/pos.uel.br\/direito-negocial\/wp-content\/uploads\/2026\/04\/WhatsApp-Image-2026-04-09-at-18.53.00-300x225.jpeg 300w, https:\/\/pos.uel.br\/direito-negocial\/wp-content\/uploads\/2026\/04\/WhatsApp-Image-2026-04-09-at-18.53.00-768x576.jpeg 768w, https:\/\/pos.uel.br\/direito-negocial\/wp-content\/uploads\/2026\/04\/WhatsApp-Image-2026-04-09-at-18.53.00-1536x1152.jpeg 1536w, https:\/\/pos.uel.br\/direito-negocial\/wp-content\/uploads\/2026\/04\/WhatsApp-Image-2026-04-09-at-18.53.00.jpeg 1600w\" sizes=\"auto, (max-width: 1024px) 100vw, 1024px\" \/><\/figure>\n<\/figure>\n\n\n\n<figure class=\"wp-block-gallery has-nested-images columns-default is-cropped wp-block-gallery-5 is-layout-flex wp-block-gallery-is-layout-flex\">\n<figure class=\"wp-block-image size-large\"><img loading=\"lazy\" decoding=\"async\" width=\"1024\" height=\"576\" data-id=\"4400\" src=\"https:\/\/pos.uel.br\/direito-negocial\/wp-content\/uploads\/2026\/04\/WhatsApp-Image-2026-04-10-at-12.55.22-1024x576.jpeg\" alt=\"\" class=\"wp-image-4400\" srcset=\"https:\/\/pos.uel.br\/direito-negocial\/wp-content\/uploads\/2026\/04\/WhatsApp-Image-2026-04-10-at-12.55.22-1024x576.jpeg 1024w, https:\/\/pos.uel.br\/direito-negocial\/wp-content\/uploads\/2026\/04\/WhatsApp-Image-2026-04-10-at-12.55.22-300x169.jpeg 300w, https:\/\/pos.uel.br\/direito-negocial\/wp-content\/uploads\/2026\/04\/WhatsApp-Image-2026-04-10-at-12.55.22-768x432.jpeg 768w, https:\/\/pos.uel.br\/direito-negocial\/wp-content\/uploads\/2026\/04\/WhatsApp-Image-2026-04-10-at-12.55.22-1536x864.jpeg 1536w, https:\/\/pos.uel.br\/direito-negocial\/wp-content\/uploads\/2026\/04\/WhatsApp-Image-2026-04-10-at-12.55.22.jpeg 1600w\" sizes=\"auto, (max-width: 1024px) 100vw, 1024px\" \/><\/figure>\n<\/figure>\n\n\n\n<figure class=\"wp-block-gallery has-nested-images columns-default is-cropped wp-block-gallery-6 is-layout-flex wp-block-gallery-is-layout-flex\">\n<figure class=\"wp-block-image size-large\"><img loading=\"lazy\" decoding=\"async\" width=\"1024\" height=\"768\" data-id=\"4401\" src=\"https:\/\/pos.uel.br\/direito-negocial\/wp-content\/uploads\/2026\/04\/WhatsApp-Image-2026-04-18-at-14.42.13-1-1024x768.jpeg\" alt=\"\" class=\"wp-image-4401\" srcset=\"https:\/\/pos.uel.br\/direito-negocial\/wp-content\/uploads\/2026\/04\/WhatsApp-Image-2026-04-18-at-14.42.13-1-1024x768.jpeg 1024w, https:\/\/pos.uel.br\/direito-negocial\/wp-content\/uploads\/2026\/04\/WhatsApp-Image-2026-04-18-at-14.42.13-1-300x225.jpeg 300w, https:\/\/pos.uel.br\/direito-negocial\/wp-content\/uploads\/2026\/04\/WhatsApp-Image-2026-04-18-at-14.42.13-1-768x576.jpeg 768w, https:\/\/pos.uel.br\/direito-negocial\/wp-content\/uploads\/2026\/04\/WhatsApp-Image-2026-04-18-at-14.42.13-1-1536x1152.jpeg 1536w, https:\/\/pos.uel.br\/direito-negocial\/wp-content\/uploads\/2026\/04\/WhatsApp-Image-2026-04-18-at-14.42.13-1.jpeg 1600w\" sizes=\"auto, (max-width: 1024px) 100vw, 1024px\" \/><\/figure>\n<\/figure>\n\n\n\n<figure class=\"wp-block-gallery has-nested-images columns-default is-cropped wp-block-gallery-7 is-layout-flex wp-block-gallery-is-layout-flex\">\n<figure class=\"wp-block-image size-large\"><img loading=\"lazy\" decoding=\"async\" width=\"1024\" height=\"768\" data-id=\"4402\" src=\"https:\/\/pos.uel.br\/direito-negocial\/wp-content\/uploads\/2026\/04\/WhatsApp-Image-2026-04-09-at-07.33.04-1024x768.jpeg\" alt=\"\" class=\"wp-image-4402\" srcset=\"https:\/\/pos.uel.br\/direito-negocial\/wp-content\/uploads\/2026\/04\/WhatsApp-Image-2026-04-09-at-07.33.04-1024x768.jpeg 1024w, https:\/\/pos.uel.br\/direito-negocial\/wp-content\/uploads\/2026\/04\/WhatsApp-Image-2026-04-09-at-07.33.04-300x225.jpeg 300w, https:\/\/pos.uel.br\/direito-negocial\/wp-content\/uploads\/2026\/04\/WhatsApp-Image-2026-04-09-at-07.33.04-768x576.jpeg 768w, https:\/\/pos.uel.br\/direito-negocial\/wp-content\/uploads\/2026\/04\/WhatsApp-Image-2026-04-09-at-07.33.04-1536x1152.jpeg 1536w, https:\/\/pos.uel.br\/direito-negocial\/wp-content\/uploads\/2026\/04\/WhatsApp-Image-2026-04-09-at-07.33.04.jpeg 1600w\" sizes=\"auto, (max-width: 1024px) 100vw, 1024px\" \/><\/figure>\n<\/figure>\n","protected":false},"excerpt":{"rendered":"<p>O Programa de P\u00f3s-Gradua\u00e7\u00e3o em Direito Negocial da Universidade Estadual de Londrina (PPGDN\/UEL), em parceria com a Universidad Nacional de Canindey\u00fa (UNICAN), participou do V Simp\u00f3sio Brasil\u2013Paraguai de Direito Internacional e Desenvolvimento, realizado entre os dias 07 e 11 de abril, na cidade de Saltos del Guair\u00e1, no Paraguai. O evento reuniu docentes, pesquisadores e [&hellip;]<\/p>\n","protected":false},"author":9,"featured_media":4395,"comment_status":"open","ping_status":"open","sticky":false,"template":"","format":"standard","meta":{"_acf_changed":false,"footnotes":""},"categories":[1],"tags":[],"class_list":["post-4390","post","type-post","status-publish","format-standard","has-post-thumbnail","hentry","category-sem-categoria"],"acf":[],"_links":{"self":[{"href":"https:\/\/pos.uel.br\/direito-negocial\/wp-json\/wp\/v2\/posts\/4390","targetHints":{"allow":["GET"]}}],"collection":[{"href":"https:\/\/pos.uel.br\/direito-negocial\/wp-json\/wp\/v2\/posts"}],"about":[{"href":"https:\/\/pos.uel.br\/direito-negocial\/wp-json\/wp\/v2\/types\/post"}],"author":[{"embeddable":true,"href":"https:\/\/pos.uel.br\/direito-negocial\/wp-json\/wp\/v2\/users\/9"}],"replies":[{"embeddable":true,"href":"https:\/\/pos.uel.br\/direito-negocial\/wp-json\/wp\/v2\/comments?post=4390"}],"version-history":[{"count":1,"href":"https:\/\/pos.uel.br\/direito-negocial\/wp-json\/wp\/v2\/posts\/4390\/revisions"}],"predecessor-version":[{"id":4403,"href":"https:\/\/pos.uel.br\/direito-negocial\/wp-json\/wp\/v2\/posts\/4390\/revisions\/4403"}],"wp:featuredmedia":[{"embeddable":true,"href":"https:\/\/pos.uel.br\/direito-negocial\/wp-json\/wp\/v2\/media\/4395"}],"wp:attachment":[{"href":"https:\/\/pos.uel.br\/direito-negocial\/wp-json\/wp\/v2\/media?parent=4390"}],"wp:term":[{"taxonomy":"category","embeddable":true,"href":"https:\/\/pos.uel.br\/direito-negocial\/wp-json\/wp\/v2\/categories?post=4390"},{"taxonomy":"post_tag","embeddable":true,"href":"https:\/\/pos.uel.br\/direito-negocial\/wp-json\/wp\/v2\/tags?post=4390"}],"curies":[{"name":"wp","href":"https:\/\/api.w.org\/{rel}","templated":true}]}}