{"id":4383,"date":"2026-04-26T19:57:08","date_gmt":"2026-04-26T22:57:08","guid":{"rendered":"https:\/\/pos.uel.br\/direito-negocial\/?p=4383"},"modified":"2026-04-26T21:12:41","modified_gmt":"2026-04-27T00:12:41","slug":"londrina-recebe-a-8a-edicao-do-congresso-brasileiro-de-gestao-de-conflitos-em-maio-de-2026","status":"publish","type":"post","link":"https:\/\/pos.uel.br\/direito-negocial\/sem-categoria\/2026\/04\/26\/londrina-recebe-a-8a-edicao-do-congresso-brasileiro-de-gestao-de-conflitos-em-maio-de-2026\/","title":{"rendered":"Londrina recebe a 8\u00aa edi\u00e7\u00e3o do Congresso Brasileiro de Gest\u00e3o de Conflitos em maio de 2026"},"content":{"rendered":"\n<p>Entre os dias 13 e 15 de maio de 2026, a cidade de Londrina (PR) ser\u00e1 palco da oitava edi\u00e7\u00e3o do Congresso Brasileiro de Gest\u00e3o de Conflitos (CBGConf), um dos principais eventos do pa\u00eds voltados \u00e0 media\u00e7\u00e3o, arbitragem e pr\u00e1ticas consensuais. Com o tema <strong>\u201cA cultura do consenso e a efici\u00eancia na resolu\u00e7\u00e3o de conflitos\u201d<\/strong>, o encontro reunir\u00e1 especialistas, profissionais do Direito, gestores e acad\u00eamicos para debater solu\u00e7\u00f5es modernas e eficazes para disputas em diferentes \u00e1reas.<\/p>\n\n\n\n<p>O evento ser\u00e1 realizado no Centro de Eventos do Aurora Shopping e contar\u00e1 com uma programa\u00e7\u00e3o diversificada, incluindo pain\u00e9is tem\u00e1ticos, palestras e debates com nomes de destaque no cen\u00e1rio nacional.<\/p>\n\n\n\n<p>O evento ainda contar\u00e1 com o III Encontro Cient\u00edfico (100% online), cujos trabalhos podem ser submetidos at\u00e9 o dia 10\/05, bem como ocorrer\u00e1 na Sala 447 do CESA (UEL) 02 (duas) oficinas durante o per\u00edodo da manh\u00e3, e, a noite, o treino aberto da ARBUel para a competi\u00e7\u00e3o de arbitragem e agroneg\u00f3cio. <\/p>\n\n\n\n<p>As inscri\u00e7\u00f5es podem ser realizadas no QR Code abaixo e pelo link a seguir: <a href=\"https:\/\/www.ibgconf.com.br\/7-cbgconf\">https:\/\/www.ibgconf.com.br\/7-cbgconf<\/a><\/p>\n\n\n\n<figure class=\"wp-block-gallery has-nested-images columns-default is-cropped wp-block-gallery-1 is-layout-flex wp-block-gallery-is-layout-flex\">\n<figure class=\"wp-block-image size-large\"><img loading=\"lazy\" decoding=\"async\" width=\"724\" height=\"1024\" data-id=\"4385\" src=\"https:\/\/pos.uel.br\/direito-negocial\/wp-content\/uploads\/2026\/04\/WhatsApp-Image-2026-04-24-at-20.40.06-1-724x1024.jpeg\" alt=\"\" class=\"wp-image-4385\" srcset=\"https:\/\/pos.uel.br\/direito-negocial\/wp-content\/uploads\/2026\/04\/WhatsApp-Image-2026-04-24-at-20.40.06-1-724x1024.jpeg 724w, https:\/\/pos.uel.br\/direito-negocial\/wp-content\/uploads\/2026\/04\/WhatsApp-Image-2026-04-24-at-20.40.06-1-212x300.jpeg 212w, https:\/\/pos.uel.br\/direito-negocial\/wp-content\/uploads\/2026\/04\/WhatsApp-Image-2026-04-24-at-20.40.06-1-768x1086.jpeg 768w, https:\/\/pos.uel.br\/direito-negocial\/wp-content\/uploads\/2026\/04\/WhatsApp-Image-2026-04-24-at-20.40.06-1-1086x1536.jpeg 1086w, https:\/\/pos.uel.br\/direito-negocial\/wp-content\/uploads\/2026\/04\/WhatsApp-Image-2026-04-24-at-20.40.06-1.jpeg 1131w\" sizes=\"auto, (max-width: 724px) 100vw, 724px\" \/><\/figure>\n\n\n\n<figure class=\"wp-block-image size-large\"><img loading=\"lazy\" decoding=\"async\" width=\"724\" height=\"1024\" data-id=\"4384\" src=\"https:\/\/pos.uel.br\/direito-negocial\/wp-content\/uploads\/2026\/04\/WhatsApp-Image-2026-04-24-at-20.40.06-724x1024.jpeg\" alt=\"\" class=\"wp-image-4384\" srcset=\"https:\/\/pos.uel.br\/direito-negocial\/wp-content\/uploads\/2026\/04\/WhatsApp-Image-2026-04-24-at-20.40.06-724x1024.jpeg 724w, https:\/\/pos.uel.br\/direito-negocial\/wp-content\/uploads\/2026\/04\/WhatsApp-Image-2026-04-24-at-20.40.06-212x300.jpeg 212w, https:\/\/pos.uel.br\/direito-negocial\/wp-content\/uploads\/2026\/04\/WhatsApp-Image-2026-04-24-at-20.40.06-768x1086.jpeg 768w, https:\/\/pos.uel.br\/direito-negocial\/wp-content\/uploads\/2026\/04\/WhatsApp-Image-2026-04-24-at-20.40.06-1086x1536.jpeg 1086w, https:\/\/pos.uel.br\/direito-negocial\/wp-content\/uploads\/2026\/04\/WhatsApp-Image-2026-04-24-at-20.40.06.jpeg 1131w\" sizes=\"auto, (max-width: 724px) 100vw, 724px\" \/><\/figure>\n<\/figure>\n","protected":false},"excerpt":{"rendered":"<p>Entre os dias 13 e 15 de maio de 2026, a cidade de Londrina (PR) ser\u00e1 palco da oitava edi\u00e7\u00e3o do Congresso Brasileiro de Gest\u00e3o de Conflitos (CBGConf), um dos principais eventos do pa\u00eds voltados \u00e0 media\u00e7\u00e3o, arbitragem e pr\u00e1ticas consensuais. Com o tema \u201cA cultura do consenso e a efici\u00eancia na resolu\u00e7\u00e3o de conflitos\u201d, [&hellip;]<\/p>\n","protected":false},"author":32,"featured_media":4384,"comment_status":"open","ping_status":"open","sticky":false,"template":"","format":"standard","meta":{"_acf_changed":false,"footnotes":""},"categories":[1],"tags":[],"class_list":["post-4383","post","type-post","status-publish","format-standard","has-post-thumbnail","hentry","category-sem-categoria"],"acf":[],"_links":{"self":[{"href":"https:\/\/pos.uel.br\/direito-negocial\/wp-json\/wp\/v2\/posts\/4383","targetHints":{"allow":["GET"]}}],"collection":[{"href":"https:\/\/pos.uel.br\/direito-negocial\/wp-json\/wp\/v2\/posts"}],"about":[{"href":"https:\/\/pos.uel.br\/direito-negocial\/wp-json\/wp\/v2\/types\/post"}],"author":[{"embeddable":true,"href":"https:\/\/pos.uel.br\/direito-negocial\/wp-json\/wp\/v2\/users\/32"}],"replies":[{"embeddable":true,"href":"https:\/\/pos.uel.br\/direito-negocial\/wp-json\/wp\/v2\/comments?post=4383"}],"version-history":[{"count":2,"href":"https:\/\/pos.uel.br\/direito-negocial\/wp-json\/wp\/v2\/posts\/4383\/revisions"}],"predecessor-version":[{"id":4387,"href":"https:\/\/pos.uel.br\/direito-negocial\/wp-json\/wp\/v2\/posts\/4383\/revisions\/4387"}],"wp:featuredmedia":[{"embeddable":true,"href":"https:\/\/pos.uel.br\/direito-negocial\/wp-json\/wp\/v2\/media\/4384"}],"wp:attachment":[{"href":"https:\/\/pos.uel.br\/direito-negocial\/wp-json\/wp\/v2\/media?parent=4383"}],"wp:term":[{"taxonomy":"category","embeddable":true,"href":"https:\/\/pos.uel.br\/direito-negocial\/wp-json\/wp\/v2\/categories?post=4383"},{"taxonomy":"post_tag","embeddable":true,"href":"https:\/\/pos.uel.br\/direito-negocial\/wp-json\/wp\/v2\/tags?post=4383"}],"curies":[{"name":"wp","href":"https:\/\/api.w.org\/{rel}","templated":true}]}}