{"id":4379,"date":"2026-04-23T11:47:51","date_gmt":"2026-04-23T14:47:51","guid":{"rendered":"https:\/\/pos.uel.br\/direito-negocial\/?p=4379"},"modified":"2026-04-23T11:47:51","modified_gmt":"2026-04-23T14:47:51","slug":"ppgdn-e-iberojur-promovem-simposio-luso-brasileiro-sobre-gestao-de-conflitos","status":"publish","type":"post","link":"https:\/\/pos.uel.br\/direito-negocial\/sem-categoria\/2026\/04\/23\/ppgdn-e-iberojur-promovem-simposio-luso-brasileiro-sobre-gestao-de-conflitos\/","title":{"rendered":"PPGDN e IBEROJUR promovem Simp\u00f3sio Luso-Brasileiro sobre Gest\u00e3o de Conflitos"},"content":{"rendered":"\n<p>O Programa de P\u00f3s-Gradua\u00e7\u00e3o em Direito Negocial da Universidade Estadual de Londrina (PPGDN\/UEL) promoveu, no dia 7 de abril, o Simp\u00f3sio Luso-Brasileiro sobre Gest\u00e3o de Conflitos, reunindo especialistas para discutir diferentes perspectivas sobre os mecanismos contempor\u00e2neos de resolu\u00e7\u00e3o de disputas.<\/p>\n\n\n\n<p>O evento foi realizado \u00e0s 8h30, na sala 446 do Centro de Estudos Sociais Aplicados (CESA), na UEL.<\/p>\n\n\n\n<p>A programa\u00e7\u00e3o contou com a participa\u00e7\u00e3o de tr\u00eas palestrantes convidados. O professor F\u00e1bio Veiga abordar\u00e1 o tema da arbitragem societ\u00e1ria em Portugal, trazendo uma vis\u00e3o internacional sobre o assunto. J\u00e1 a pesquisadora Patr\u00edcia Ayub da Costa discutir\u00e1 os aspectos econ\u00f4micos da arbitragem, enquanto a professora T\u00e2nia Lobo Muniz tratar\u00e1 da gest\u00e3o de conflitos na contemporaneidade.<\/p>\n\n\n\n<p>De acordo com os organizadores, o simp\u00f3sio buscou ampliar o debate acad\u00eamico e profissional sobre formas alternativas de resolu\u00e7\u00e3o de conflitos, promovendo a troca de experi\u00eancias entre Brasil e Portugal.<\/p>\n\n\n\n<p>A iniciativa representou uma oportunidade para estudantes, pesquisadores e profissionais do Direito aprofundarem conhecimentos e ampliarem sua vis\u00e3o sobre pr\u00e1ticas atuais e internacionais na \u00e1rea.<\/p>\n\n\n\n<figure class=\"wp-block-image size-large\"><img loading=\"lazy\" decoding=\"async\" width=\"1024\" height=\"1024\" src=\"https:\/\/pos.uel.br\/direito-negocial\/wp-content\/uploads\/2026\/04\/WhatsApp-Image-2026-03-26-at-13.08.55-1024x1024.jpeg\" alt=\"\" class=\"wp-image-4380\" srcset=\"https:\/\/pos.uel.br\/direito-negocial\/wp-content\/uploads\/2026\/04\/WhatsApp-Image-2026-03-26-at-13.08.55-1024x1024.jpeg 1024w, https:\/\/pos.uel.br\/direito-negocial\/wp-content\/uploads\/2026\/04\/WhatsApp-Image-2026-03-26-at-13.08.55-300x300.jpeg 300w, https:\/\/pos.uel.br\/direito-negocial\/wp-content\/uploads\/2026\/04\/WhatsApp-Image-2026-03-26-at-13.08.55-150x150.jpeg 150w, https:\/\/pos.uel.br\/direito-negocial\/wp-content\/uploads\/2026\/04\/WhatsApp-Image-2026-03-26-at-13.08.55-768x768.jpeg 768w, https:\/\/pos.uel.br\/direito-negocial\/wp-content\/uploads\/2026\/04\/WhatsApp-Image-2026-03-26-at-13.08.55.jpeg 1080w\" sizes=\"auto, (max-width: 1024px) 100vw, 1024px\" \/><\/figure>\n","protected":false},"excerpt":{"rendered":"<p>O Programa de P\u00f3s-Gradua\u00e7\u00e3o em Direito Negocial da Universidade Estadual de Londrina (PPGDN\/UEL) promoveu, no dia 7 de abril, o Simp\u00f3sio Luso-Brasileiro sobre Gest\u00e3o de Conflitos, reunindo especialistas para discutir diferentes perspectivas sobre os mecanismos contempor\u00e2neos de resolu\u00e7\u00e3o de disputas. O evento foi realizado \u00e0s 8h30, na sala 446 do Centro de Estudos Sociais Aplicados [&hellip;]<\/p>\n","protected":false},"author":32,"featured_media":4380,"comment_status":"open","ping_status":"open","sticky":false,"template":"","format":"standard","meta":{"_acf_changed":false,"footnotes":""},"categories":[1],"tags":[],"class_list":["post-4379","post","type-post","status-publish","format-standard","has-post-thumbnail","hentry","category-sem-categoria"],"acf":[],"_links":{"self":[{"href":"https:\/\/pos.uel.br\/direito-negocial\/wp-json\/wp\/v2\/posts\/4379","targetHints":{"allow":["GET"]}}],"collection":[{"href":"https:\/\/pos.uel.br\/direito-negocial\/wp-json\/wp\/v2\/posts"}],"about":[{"href":"https:\/\/pos.uel.br\/direito-negocial\/wp-json\/wp\/v2\/types\/post"}],"author":[{"embeddable":true,"href":"https:\/\/pos.uel.br\/direito-negocial\/wp-json\/wp\/v2\/users\/32"}],"replies":[{"embeddable":true,"href":"https:\/\/pos.uel.br\/direito-negocial\/wp-json\/wp\/v2\/comments?post=4379"}],"version-history":[{"count":1,"href":"https:\/\/pos.uel.br\/direito-negocial\/wp-json\/wp\/v2\/posts\/4379\/revisions"}],"predecessor-version":[{"id":4381,"href":"https:\/\/pos.uel.br\/direito-negocial\/wp-json\/wp\/v2\/posts\/4379\/revisions\/4381"}],"wp:featuredmedia":[{"embeddable":true,"href":"https:\/\/pos.uel.br\/direito-negocial\/wp-json\/wp\/v2\/media\/4380"}],"wp:attachment":[{"href":"https:\/\/pos.uel.br\/direito-negocial\/wp-json\/wp\/v2\/media?parent=4379"}],"wp:term":[{"taxonomy":"category","embeddable":true,"href":"https:\/\/pos.uel.br\/direito-negocial\/wp-json\/wp\/v2\/categories?post=4379"},{"taxonomy":"post_tag","embeddable":true,"href":"https:\/\/pos.uel.br\/direito-negocial\/wp-json\/wp\/v2\/tags?post=4379"}],"curies":[{"name":"wp","href":"https:\/\/api.w.org\/{rel}","templated":true}]}}