{"id":4349,"date":"2026-04-08T17:13:04","date_gmt":"2026-04-08T20:13:04","guid":{"rendered":"https:\/\/pos.uel.br\/direito-negocial\/?p=4349"},"modified":"2026-04-08T17:32:27","modified_gmt":"2026-04-08T20:32:27","slug":"evento-analisa-ligacoes-entre-meio-ambiente-e-tecnologia-com-transmissao-via-youtube-do-ppgdn","status":"publish","type":"post","link":"https:\/\/pos.uel.br\/direito-negocial\/sem-categoria\/2026\/04\/08\/evento-analisa-ligacoes-entre-meio-ambiente-e-tecnologia-com-transmissao-via-youtube-do-ppgdn\/","title":{"rendered":"Evento analisa liga\u00e7\u00f5es entre meio ambiente e tecnologia, com transmiss\u00e3o via Youtube do PPGDN"},"content":{"rendered":"\n<p>Entre os dias 13 a 19 da Abril, das 8h \u00e0s 19h, ocorrer\u00e1 o X ENCONTRO NACIONAL DE PESQUISADORES EM DIREITO AMBIENTAL E DESENVOLVIMENTO SUSTENT\u00c1VEL: A GEST\u00c3O SUSTENT\u00c1VEL DA SOCIEDADE DA INFORMA\u00c7\u00c3O EM FACE DA TUTELA CONSTITUCIONAL DO MEIO AMBIENTE DIGITAL, com transmiss\u00e3o online (e ao vivo) pelo Youtube do PPGDN, no link: <a href=\"https:\/\/www.youtube.com\/@mestradoedoutoradoemdireit3184\/featured\">https:\/\/www.youtube.com\/@mestradoedoutoradoemdireit3184\/featured<\/a><\/p>\n\n\n\n<p>O evento tratar\u00e1 sobre as rela\u00e7\u00f5es entre o mundo digital, o natural e a liga\u00e7\u00e3o das pessoas com ambos \u00e9 o objetivo da d\u00e9cima edi\u00e7\u00e3o do Encontro Nacional de Pesquisadores em Direito Ambiental e Desenvolvimento Sustent\u00e1vel. Seja no lazer, no trabalho, ou at\u00e9 mesmo na pol\u00edtica, tecnologias como Intelig\u00eancia Artificial, redes sociais e a internet s\u00e3o cada vez mais indispens\u00e1veis.<\/p>\n\n\n\n<p>O tema \u201cA&nbsp;<a href=\"https:\/\/operobal.uel.br\/tag\/sustentabilidade\/\">Gest\u00e3o Sustent\u00e1vel<\/a>&nbsp;da&nbsp;<a href=\"https:\/\/operobal.uel.br\/tag\/tecnologia-da-informacao-pt\/\">Sociedade da Informa\u00e7\u00e3o<\/a>&nbsp;em face da tutela constitucional do&nbsp;<a href=\"https:\/\/operobal.uel.br\/tag\/meio-ambiente\/\">Meio Ambiente<\/a>&nbsp;Digital\u201d, aborda t\u00f3picos como intelig\u00eancia artificial, data centers, regulamenta\u00e7\u00e3o das redes sociais, big tech e outros similares.&nbsp;&nbsp;<\/p>\n\n\n<div class=\"wp-block-image\">\n<figure class=\"alignright is-resized\"><img decoding=\"async\" src=\"https:\/\/operobal.uel.br\/wp-content\/uploads\/2026\/04\/foto-Patricia-2-826x1024.jpeg\" alt=\"\" class=\"wp-image-113736\" style=\"aspect-ratio:0.8066478470040953;width:346px;height:auto\" \/><figcaption class=\"wp-element-caption\">Patr\u00edcia Ayub da Costa, professora de Direito na UEL. Foto: Arquivo Pessoal.<\/figcaption><\/figure>\n<\/div>\n\n\n<p>Segundo a Professora da UEL de&nbsp;<a href=\"https:\/\/operobal.uel.br\/tag\/direito\/\">Direito<\/a>, Patr\u00edcia Ayub da Costa, o debate sobre esses temas ainda est\u00e3o nos seus primeiros est\u00e1gios. \u201cPode-se dizer que \u00e9 uma \u00e1rea de vanguarda, e por causa disso, ainda n\u00e3o h\u00e1 clareza entre os pesquisadores. \u00c9 algo que se beneficia muito por um evento como esse, que promove uma discuss\u00e3o respons\u00e1vel e \u00e9tica\u201d, diz.<\/p>\n\n\n\n<p>O Direito Ambiental \u00e9 uma \u00e1rea que procura regulamentar as rela\u00e7\u00f5es com a natureza, garantindo \u00e0 popula\u00e7\u00e3o o seu direito a um meio ambiente limpo e saud\u00e1vel. Ayub explica que \u201ccom o avan\u00e7o r\u00e1pido dessas tecnologias, \u00e9 especialmente necess\u00e1rio discutir sua aplica\u00e7\u00e3o de forma respons\u00e1vel e segura com anteced\u00eancia\u201d.<\/p>\n\n\n\n<p>A pesquisadora afirma que o&nbsp;<a href=\"https:\/\/operobal.uel.br\/tag\/meio-ambiente\/\">meio ambiente<\/a>&nbsp;digital, \u201capesar de parecer contradit\u00f3rio, faz todo o sentido, porque meio ambiente n\u00e3o significa somente natureza, mas o espa\u00e7o em que as pessoas vivem, seu habitat. E na atualidade, o espa\u00e7o digital est\u00e1 t\u00e3o presente, quanto o org\u00e2nico na vida das pessoas\u201d.<\/p>\n\n\n\n<p>Ela tamb\u00e9m argumenta que o mundo digital n\u00e3o est\u00e1 separado do org\u00e2nico. \u201cUm Data Center, por exemplo, n\u00e3o afeta somente a \u00e1rea das big tech, intelig\u00eancias artificiais e da web, mas tamb\u00e9m \u00e9 um importante vetor de polui\u00e7\u00e3o, com alto consumo de&nbsp;<a href=\"https:\/\/operobal.uel.br\/tag\/departamento-de-energia-eletrica\/\">energia el\u00e9trica<\/a>&nbsp;e&nbsp;<a href=\"https:\/\/operobal.uel.br\/tag\/qualidade-da-agua\/\">\u00e1gua<\/a>&nbsp;para se manter funcionando. Quando se discute sua regulamenta\u00e7\u00e3o, como ser\u00e1 feito durante as palestras, deve-se levar em conta ambos os lados, j\u00e1 que os dois afetam as pessoas\u201d, explica.<\/p>\n\n\n\n<p>A professora afirma que a import\u00e2ncia do evento tamb\u00e9m est\u00e1 em sua fun\u00e7\u00e3o como futuro&nbsp;<a href=\"http:\/\/operobal.uel.br\/tag\/pesquisa\/\">material de pesquisa<\/a>. \u201cAs palestras n\u00e3o v\u00e3o ser apenas transmitidas ao vivo, mas ficar\u00e3o gravadas no YouTube, dispon\u00edveis para aqueles que desejam, por exemplo, cit\u00e1-las em suas pesquisas. Temos certeza de que ao longo do tempo muita gente vai se beneficiar\u201d, diz.<\/p>\n\n\n\n<p><strong>Uma d\u00e9cada de evento<\/strong><\/p>\n\n\n\n<p>O evento foi idealizado por Celso Antonio Pacheco Fiorillo, chanceler da Academia de Direitos Humanos \u2013 uma associa\u00e7\u00e3o civil sem fins lucrativos que divulga, desenvolve e promove eventos na \u00e1rea de Direito, e ocorre de forma itinerante, a cada ano em uma universidade diferente do pa\u00eds. S\u00e3o reunidos palestrantes da \u00e1rea de Direito Ambiental com experi\u00eancias, viv\u00eancias e fun\u00e7\u00f5es diversas, entre pesquisadores, professores e profissionais de universidades de todo o Brasil e do exterior.<\/p>\n\n\n\n<p>Estar\u00e3o presentes no d\u00e9cimo evento o Ministro do Superior Tribunal de Justi\u00e7a (STJ) Marcelo Navarro Ribeiro Dantas, assim como dois convidados internacionais: Ant\u00f3n Lois Fernandez \u00c1lvarez , da UVIGO, na&nbsp;<a href=\"https:\/\/operobal.uel.br\/tag\/espanha\/\">Espanha<\/a>, e Cecilio Arnaldo Rivas Ayala, da UNICAN, no&nbsp;<a href=\"https:\/\/operobal.uel.br\/tag\/america-do-sul\/\">Paraguai<\/a>.<\/p>\n\n\n\n<p>Ayub, que tamb\u00e9m ser\u00e1 uma das palestrantes, explica que os organizadores do d\u00e9cimo evento sentiram-se honrados em terem a oportunidade de realiz\u00e1-lo na Universidade Estadual de Londrina. \u201cPara qualquer evento anual, a d\u00e9cima edi\u00e7\u00e3o \u00e9 sempre especial, uma d\u00e9cada n\u00e3o \u00e9 pouco tempo. Significa muito poder ter essa oportunidade de elevar a UEL ao epicentro do patamar nacional dessa discuss\u00e3o\u201d, relata.&nbsp;<\/p>\n\n\n\n<h5 class=\"wp-block-heading\"><strong>Inscri\u00e7\u00f5es<\/strong><\/h5>\n\n\n\n<p>As palestras ser\u00e3o transmitidas por meio do <a href=\"https:\/\/www.youtube.com\/@mestradoedoutoradoemdireit3184\/featured\">Youtube do PPGDN<\/a>, e acontecer\u00e3o entre os dias 13 e 17 de Abril, com 96 pain\u00e9is de debate ocorrendo de manh\u00e3 entre \u00e0s\u00a0<a href=\"https:\/\/pos.uel.br\/direito-negocial\/wp-content\/uploads\/2025\/12\/PROGRAMAC%CC%A7A%CC%83O-X-ENCONTRO-NACIONAL-DE-PESQUISADORES-DE-DIREITO-AMBIENTAL-1.pdf\">8h e \u00e0s 12h, das 13h \u00e0s 16h30 e das 17h \u00e0s 19h.<\/a>\u00a0O evento \u00e9 gratuito, com transmiss\u00e3o ao vivo pela Internet e emiss\u00e3o de certificado aos espectadores. As inscri\u00e7\u00f5es podem ser feitas pelo\u00a0<a href=\"https:\/\/portal.uel.br\/evento\/x-encontro-nacional-de-pesquisadores-em-direito-ambiental-e-desenvolvimento-sustentavel\/\">Portal de Eventos da UEL<\/a>\u00a0at\u00e9 o dia 17 de Abril, o \u00faltimo dia do evento.<\/p>\n\n\n\n<figure class=\"wp-block-image size-large\"><img loading=\"lazy\" decoding=\"async\" width=\"724\" height=\"1024\" src=\"https:\/\/pos.uel.br\/direito-negocial\/wp-content\/uploads\/2026\/04\/Cartaz_Direito-Ambiental_page-0001-1-724x1024.jpg\" alt=\"\" class=\"wp-image-4350\" srcset=\"https:\/\/pos.uel.br\/direito-negocial\/wp-content\/uploads\/2026\/04\/Cartaz_Direito-Ambiental_page-0001-1-724x1024.jpg 724w, https:\/\/pos.uel.br\/direito-negocial\/wp-content\/uploads\/2026\/04\/Cartaz_Direito-Ambiental_page-0001-1-212x300.jpg 212w, https:\/\/pos.uel.br\/direito-negocial\/wp-content\/uploads\/2026\/04\/Cartaz_Direito-Ambiental_page-0001-1-768x1087.jpg 768w, https:\/\/pos.uel.br\/direito-negocial\/wp-content\/uploads\/2026\/04\/Cartaz_Direito-Ambiental_page-0001-1-1085x1536.jpg 1085w, https:\/\/pos.uel.br\/direito-negocial\/wp-content\/uploads\/2026\/04\/Cartaz_Direito-Ambiental_page-0001-1.jpg 1240w\" sizes=\"auto, (max-width: 724px) 100vw, 724px\" \/><\/figure>\n","protected":false},"excerpt":{"rendered":"<p>Entre os dias 13 a 19 da Abril, das 8h \u00e0s 19h, ocorrer\u00e1 o X ENCONTRO NACIONAL DE PESQUISADORES EM DIREITO AMBIENTAL E DESENVOLVIMENTO SUSTENT\u00c1VEL: A GEST\u00c3O SUSTENT\u00c1VEL DA SOCIEDADE DA INFORMA\u00c7\u00c3O EM FACE DA TUTELA CONSTITUCIONAL DO MEIO AMBIENTE DIGITAL, com transmiss\u00e3o online (e ao vivo) pelo Youtube do PPGDN, no link: https:\/\/www.youtube.com\/@mestradoedoutoradoemdireit3184\/featured O [&hellip;]<\/p>\n","protected":false},"author":32,"featured_media":4350,"comment_status":"open","ping_status":"open","sticky":false,"template":"","format":"standard","meta":{"_acf_changed":false,"footnotes":""},"categories":[1],"tags":[],"class_list":["post-4349","post","type-post","status-publish","format-standard","has-post-thumbnail","hentry","category-sem-categoria"],"acf":[],"_links":{"self":[{"href":"https:\/\/pos.uel.br\/direito-negocial\/wp-json\/wp\/v2\/posts\/4349","targetHints":{"allow":["GET"]}}],"collection":[{"href":"https:\/\/pos.uel.br\/direito-negocial\/wp-json\/wp\/v2\/posts"}],"about":[{"href":"https:\/\/pos.uel.br\/direito-negocial\/wp-json\/wp\/v2\/types\/post"}],"author":[{"embeddable":true,"href":"https:\/\/pos.uel.br\/direito-negocial\/wp-json\/wp\/v2\/users\/32"}],"replies":[{"embeddable":true,"href":"https:\/\/pos.uel.br\/direito-negocial\/wp-json\/wp\/v2\/comments?post=4349"}],"version-history":[{"count":3,"href":"https:\/\/pos.uel.br\/direito-negocial\/wp-json\/wp\/v2\/posts\/4349\/revisions"}],"predecessor-version":[{"id":4353,"href":"https:\/\/pos.uel.br\/direito-negocial\/wp-json\/wp\/v2\/posts\/4349\/revisions\/4353"}],"wp:featuredmedia":[{"embeddable":true,"href":"https:\/\/pos.uel.br\/direito-negocial\/wp-json\/wp\/v2\/media\/4350"}],"wp:attachment":[{"href":"https:\/\/pos.uel.br\/direito-negocial\/wp-json\/wp\/v2\/media?parent=4349"}],"wp:term":[{"taxonomy":"category","embeddable":true,"href":"https:\/\/pos.uel.br\/direito-negocial\/wp-json\/wp\/v2\/categories?post=4349"},{"taxonomy":"post_tag","embeddable":true,"href":"https:\/\/pos.uel.br\/direito-negocial\/wp-json\/wp\/v2\/tags?post=4349"}],"curies":[{"name":"wp","href":"https:\/\/api.w.org\/{rel}","templated":true}]}}