{"id":4201,"date":"2026-03-12T11:04:56","date_gmt":"2026-03-12T14:04:56","guid":{"rendered":"https:\/\/pos.uel.br\/direito-negocial\/?p=4201"},"modified":"2026-03-12T11:04:56","modified_gmt":"2026-03-12T14:04:56","slug":"parceria-entre-o-projeto-jusconexao-uel-e-o-programa-de-pos-graduacao-em-direito-negocial-da-uel","status":"publish","type":"post","link":"https:\/\/pos.uel.br\/direito-negocial\/sem-categoria\/2026\/03\/12\/parceria-entre-o-projeto-jusconexao-uel-e-o-programa-de-pos-graduacao-em-direito-negocial-da-uel\/","title":{"rendered":"Parceria entre o projeto JusConex\u00e3o &#8211; UEL e o Programa de P\u00f3s-Gradua\u00e7\u00e3o em Direito Negocial da UEL"},"content":{"rendered":"\n<p>O Programa de P\u00f3s-Gradua\u00e7\u00e3o em Direito Negocial (PPGDN) da Universidade Estadual de Londrina (UEL) firmou, neste ano, uma parceria institucional com o projeto de extens\u00e3o JusConex\u00e3o &#8211; UEL, iniciativa vinculada ao curso de Direito da universidade voltada \u00e0 democratiza\u00e7\u00e3o do conhecimento jur\u00eddico e \u00e0 divulga\u00e7\u00e3o de temas do Direito para a comunidade acad\u00eamica e para o p\u00fablico em geral.<\/p>\n\n\n\n<p>Criado com o objetivo de ampliar o acesso \u00e0 informa\u00e7\u00e3o jur\u00eddica e aproximar a universidade da sociedade, o JusConex\u00e3o &#8211; UEL desenvolve atividades de divulga\u00e7\u00e3o cient\u00edfica por meio de diferentes plataformas digitais, entre elas publica\u00e7\u00f5es informativas no Instagram e a produ\u00e7\u00e3o de epis\u00f3dios de podcast sobre temas atuais do Direito.<\/p>\n\n\n\n<p>A partir da parceria firmada em 2026, docentes e discentes do PPGDN passar\u00e3o a participar dos epis\u00f3dios do podcast do projeto, contribuindo com debates e reflex\u00f5es sobre temas relevantes do Direito Negocial e de outras \u00e1reas jur\u00eddicas. A iniciativa busca aproximar a produ\u00e7\u00e3o acad\u00eamica do Programa do p\u00fablico mais amplo, promovendo a circula\u00e7\u00e3o do conhecimento produzido na p\u00f3s-gradua\u00e7\u00e3o.<\/p>\n\n\n\n<p>A participa\u00e7\u00e3o do PPGDN na iniciativa refor\u00e7a o compromisso do Programa com a extens\u00e3o universit\u00e1ria, a difus\u00e3o cient\u00edfica e o di\u00e1logo entre gradua\u00e7\u00e3o e p\u00f3s-gradua\u00e7\u00e3o, fortalecendo a integra\u00e7\u00e3o entre diferentes n\u00edveis de forma\u00e7\u00e3o acad\u00eamica no \u00e2mbito da Universidade Estadual de Londrina.<\/p>\n\n\n\n<p>Nos pr\u00f3ximos meses, novos epis\u00f3dios do podcast do JusConex\u00e3o UEL contar\u00e3o com a participa\u00e7\u00e3o de professores e estudantes do Programa, abordando temas relacionados ao Direito Negocial e \u00e0s pesquisas desenvolvidas no \u00e2mbito do mestrado e do doutorado.<\/p>\n\n\n\n<p>Acompanhe as atividades do projeto pelo Instagram: @jusconexao.uel&nbsp; e @ppgdnuel.<\/p>\n\n\n\n<figure class=\"wp-block-image size-full\"><img loading=\"lazy\" decoding=\"async\" width=\"828\" height=\"827\" src=\"https:\/\/pos.uel.br\/direito-negocial\/wp-content\/uploads\/2026\/03\/image.jpeg\" alt=\"\" class=\"wp-image-4202\" srcset=\"https:\/\/pos.uel.br\/direito-negocial\/wp-content\/uploads\/2026\/03\/image.jpeg 828w, https:\/\/pos.uel.br\/direito-negocial\/wp-content\/uploads\/2026\/03\/image-300x300.jpeg 300w, https:\/\/pos.uel.br\/direito-negocial\/wp-content\/uploads\/2026\/03\/image-150x150.jpeg 150w, https:\/\/pos.uel.br\/direito-negocial\/wp-content\/uploads\/2026\/03\/image-768x767.jpeg 768w\" sizes=\"auto, (max-width: 828px) 100vw, 828px\" \/><\/figure>\n","protected":false},"excerpt":{"rendered":"<p>O Programa de P\u00f3s-Gradua\u00e7\u00e3o em Direito Negocial (PPGDN) da Universidade Estadual de Londrina (UEL) firmou, neste ano, uma parceria institucional com o projeto de extens\u00e3o JusConex\u00e3o &#8211; UEL, iniciativa vinculada ao curso de Direito da universidade voltada \u00e0 democratiza\u00e7\u00e3o do conhecimento jur\u00eddico e \u00e0 divulga\u00e7\u00e3o de temas do Direito para a comunidade acad\u00eamica e para [&hellip;]<\/p>\n","protected":false},"author":32,"featured_media":4202,"comment_status":"open","ping_status":"open","sticky":false,"template":"","format":"standard","meta":{"_acf_changed":false,"footnotes":""},"categories":[1],"tags":[],"class_list":["post-4201","post","type-post","status-publish","format-standard","has-post-thumbnail","hentry","category-sem-categoria"],"acf":[],"_links":{"self":[{"href":"https:\/\/pos.uel.br\/direito-negocial\/wp-json\/wp\/v2\/posts\/4201","targetHints":{"allow":["GET"]}}],"collection":[{"href":"https:\/\/pos.uel.br\/direito-negocial\/wp-json\/wp\/v2\/posts"}],"about":[{"href":"https:\/\/pos.uel.br\/direito-negocial\/wp-json\/wp\/v2\/types\/post"}],"author":[{"embeddable":true,"href":"https:\/\/pos.uel.br\/direito-negocial\/wp-json\/wp\/v2\/users\/32"}],"replies":[{"embeddable":true,"href":"https:\/\/pos.uel.br\/direito-negocial\/wp-json\/wp\/v2\/comments?post=4201"}],"version-history":[{"count":1,"href":"https:\/\/pos.uel.br\/direito-negocial\/wp-json\/wp\/v2\/posts\/4201\/revisions"}],"predecessor-version":[{"id":4203,"href":"https:\/\/pos.uel.br\/direito-negocial\/wp-json\/wp\/v2\/posts\/4201\/revisions\/4203"}],"wp:featuredmedia":[{"embeddable":true,"href":"https:\/\/pos.uel.br\/direito-negocial\/wp-json\/wp\/v2\/media\/4202"}],"wp:attachment":[{"href":"https:\/\/pos.uel.br\/direito-negocial\/wp-json\/wp\/v2\/media?parent=4201"}],"wp:term":[{"taxonomy":"category","embeddable":true,"href":"https:\/\/pos.uel.br\/direito-negocial\/wp-json\/wp\/v2\/categories?post=4201"},{"taxonomy":"post_tag","embeddable":true,"href":"https:\/\/pos.uel.br\/direito-negocial\/wp-json\/wp\/v2\/tags?post=4201"}],"curies":[{"name":"wp","href":"https:\/\/api.w.org\/{rel}","templated":true}]}}