{"id":4194,"date":"2026-03-10T11:44:47","date_gmt":"2026-03-10T14:44:47","guid":{"rendered":"https:\/\/pos.uel.br\/direito-negocial\/?p=4194"},"modified":"2026-03-10T11:44:47","modified_gmt":"2026-03-10T14:44:47","slug":"acordo-de-cooperacao-entre-brasil-e-angola","status":"publish","type":"post","link":"https:\/\/pos.uel.br\/direito-negocial\/sem-categoria\/2026\/03\/10\/acordo-de-cooperacao-entre-brasil-e-angola\/","title":{"rendered":"Acordo de coopera\u00e7\u00e3o entre Brasil e Angola"},"content":{"rendered":"\n<p><a>O coordenador do PPGDN da UEL, professor Dr. Clodomiro Bannwart, participou, no dia de hoje (10\/03\/2026), de uma reuni\u00e3o que contou com a presen\u00e7a do vice-reitor Airton Jos\u00e9 Petris, da procuradora jur\u00eddica T\u00e2nia Lobo e do chefe do Escrit\u00f3rio de Apoio \u00e0 Pesquisa da PROPPG, Prof. Dr. Claudemir Zucareli, da Universidade Estadual de Londrina, al\u00e9m do professor Celso Henrique David \u2013 reitor em exerc\u00edcio e vice-reitor para a \u00e1rea cient\u00edfica e de p\u00f3s-gradua\u00e7\u00e3o, Dr. Laudino Paulo \u2013 diretor do Gabinete Jur\u00eddico e Interc\u00e2mbio, Dra. Eliete Augusto \u2013 Departamento de Interc\u00e2mbio da Universidade Katyavala Bwila (Angola).<\/a><\/p>\n\n\n\n<p>O encontro teve como objetivo tratar da formaliza\u00e7\u00e3o de um protocolo de inten\u00e7\u00f5es e da celebra\u00e7\u00e3o de um acordo de coopera\u00e7\u00e3o entre as duas institui\u00e7\u00f5es, bem como discutir, de modo particular, a possibilidade de firmar um acordo espec\u00edfico entre o Programa de P\u00f3s-Gradua\u00e7\u00e3o em Direito Negocial (PPGDN) e o programa de p\u00f3s-gradua\u00e7\u00e3o em Direito da Universidade Katyavala Bwila.<\/p>\n\n\n\n<p>Esses acordos t\u00eam como objetivo fortalecer os la\u00e7os de pesquisa entre Brasil e Angola.<\/p>\n\n\n\n<figure class=\"wp-block-gallery has-nested-images columns-default is-cropped wp-block-gallery-1 is-layout-flex wp-block-gallery-is-layout-flex\">\n<figure class=\"wp-block-image size-large\"><img loading=\"lazy\" decoding=\"async\" width=\"576\" height=\"1024\" data-id=\"4195\" src=\"https:\/\/pos.uel.br\/direito-negocial\/wp-content\/uploads\/2026\/03\/WhatsApp-Image-2026-03-10-at-11.33.21-576x1024.jpeg\" alt=\"\" class=\"wp-image-4195\" srcset=\"https:\/\/pos.uel.br\/direito-negocial\/wp-content\/uploads\/2026\/03\/WhatsApp-Image-2026-03-10-at-11.33.21-576x1024.jpeg 576w, https:\/\/pos.uel.br\/direito-negocial\/wp-content\/uploads\/2026\/03\/WhatsApp-Image-2026-03-10-at-11.33.21-169x300.jpeg 169w, https:\/\/pos.uel.br\/direito-negocial\/wp-content\/uploads\/2026\/03\/WhatsApp-Image-2026-03-10-at-11.33.21-768x1365.jpeg 768w, https:\/\/pos.uel.br\/direito-negocial\/wp-content\/uploads\/2026\/03\/WhatsApp-Image-2026-03-10-at-11.33.21-864x1536.jpeg 864w, https:\/\/pos.uel.br\/direito-negocial\/wp-content\/uploads\/2026\/03\/WhatsApp-Image-2026-03-10-at-11.33.21.jpeg 900w\" sizes=\"auto, (max-width: 576px) 100vw, 576px\" \/><\/figure>\n<\/figure>\n","protected":false},"excerpt":{"rendered":"<p>O coordenador do PPGDN da UEL, professor Dr. Clodomiro Bannwart, participou, no dia de hoje (10\/03\/2026), de uma reuni\u00e3o que contou com a presen\u00e7a do vice-reitor Airton Jos\u00e9 Petris, da procuradora jur\u00eddica T\u00e2nia Lobo e do chefe do Escrit\u00f3rio de Apoio \u00e0 Pesquisa da PROPPG, Prof. Dr. Claudemir Zucareli, da Universidade Estadual de Londrina, al\u00e9m [&hellip;]<\/p>\n","protected":false},"author":9,"featured_media":4195,"comment_status":"open","ping_status":"open","sticky":false,"template":"","format":"standard","meta":{"_acf_changed":false,"footnotes":""},"categories":[1],"tags":[],"class_list":["post-4194","post","type-post","status-publish","format-standard","has-post-thumbnail","hentry","category-sem-categoria"],"acf":[],"_links":{"self":[{"href":"https:\/\/pos.uel.br\/direito-negocial\/wp-json\/wp\/v2\/posts\/4194","targetHints":{"allow":["GET"]}}],"collection":[{"href":"https:\/\/pos.uel.br\/direito-negocial\/wp-json\/wp\/v2\/posts"}],"about":[{"href":"https:\/\/pos.uel.br\/direito-negocial\/wp-json\/wp\/v2\/types\/post"}],"author":[{"embeddable":true,"href":"https:\/\/pos.uel.br\/direito-negocial\/wp-json\/wp\/v2\/users\/9"}],"replies":[{"embeddable":true,"href":"https:\/\/pos.uel.br\/direito-negocial\/wp-json\/wp\/v2\/comments?post=4194"}],"version-history":[{"count":1,"href":"https:\/\/pos.uel.br\/direito-negocial\/wp-json\/wp\/v2\/posts\/4194\/revisions"}],"predecessor-version":[{"id":4196,"href":"https:\/\/pos.uel.br\/direito-negocial\/wp-json\/wp\/v2\/posts\/4194\/revisions\/4196"}],"wp:featuredmedia":[{"embeddable":true,"href":"https:\/\/pos.uel.br\/direito-negocial\/wp-json\/wp\/v2\/media\/4195"}],"wp:attachment":[{"href":"https:\/\/pos.uel.br\/direito-negocial\/wp-json\/wp\/v2\/media?parent=4194"}],"wp:term":[{"taxonomy":"category","embeddable":true,"href":"https:\/\/pos.uel.br\/direito-negocial\/wp-json\/wp\/v2\/categories?post=4194"},{"taxonomy":"post_tag","embeddable":true,"href":"https:\/\/pos.uel.br\/direito-negocial\/wp-json\/wp\/v2\/tags?post=4194"}],"curies":[{"name":"wp","href":"https:\/\/api.w.org\/{rel}","templated":true}]}}