{"id":4030,"date":"2026-02-19T08:29:46","date_gmt":"2026-02-19T11:29:46","guid":{"rendered":"https:\/\/pos.uel.br\/direito-negocial\/?p=4030"},"modified":"2026-02-19T08:29:46","modified_gmt":"2026-02-19T11:29:46","slug":"egresso-do-ppgdn-publica-livro-originado-de-sua-tese-de-mestrado","status":"publish","type":"post","link":"https:\/\/pos.uel.br\/direito-negocial\/sem-categoria\/2026\/02\/19\/egresso-do-ppgdn-publica-livro-originado-de-sua-tese-de-mestrado\/","title":{"rendered":"Egresso do PPGDN publica livro originado de sua tese de Mestrado"},"content":{"rendered":"\n<p>O aluno egresso do Programa de Mestrado do PPGDN, Marcio Fernando Rodrigues, publicou o livro originado de sua tese de mestrado sobre as diretivas antecipadas de vontade: perspectivas biojur\u00eddicas contempor\u00e2neas.<\/p>\n\n\n\n<p>O estudo desenvolvido junto de sua professora orientadora, Dra. Rita de C\u00e1ssia Resquetti Tarifa Espolador, aborda a possibilidade de se aplicar as diretivas antecipadas de vontade sob a perspectiva biojur\u00eddica contempor\u00e2nea no contexto de pacientes terminais, buscando, assim, uma solu\u00e7\u00e3o diante da aus\u00eancia de legisla\u00e7\u00e3o espec\u00edfica do tema estudado, para, nesse contexto, promover-lhes maior dignidade.<\/p>\n\n\n\n<p>O PPGDN celebra a publica\u00e7\u00e3o da obra, e demonstra seu compromisso, bem como de seus egressos, com a produ\u00e7\u00e3o e o desenvolvimento da pesquisa acad\u00eamica de qualidade.<\/p>\n\n\n\n<figure class=\"wp-block-image size-large\"><img loading=\"lazy\" decoding=\"async\" width=\"819\" height=\"1024\" src=\"https:\/\/pos.uel.br\/direito-negocial\/wp-content\/uploads\/2026\/02\/WhatsApp-Image-2026-01-29-at-17.06.18-1-819x1024.jpeg\" alt=\"\" class=\"wp-image-4031\" srcset=\"https:\/\/pos.uel.br\/direito-negocial\/wp-content\/uploads\/2026\/02\/WhatsApp-Image-2026-01-29-at-17.06.18-1-819x1024.jpeg 819w, https:\/\/pos.uel.br\/direito-negocial\/wp-content\/uploads\/2026\/02\/WhatsApp-Image-2026-01-29-at-17.06.18-1-240x300.jpeg 240w, https:\/\/pos.uel.br\/direito-negocial\/wp-content\/uploads\/2026\/02\/WhatsApp-Image-2026-01-29-at-17.06.18-1-768x960.jpeg 768w, https:\/\/pos.uel.br\/direito-negocial\/wp-content\/uploads\/2026\/02\/WhatsApp-Image-2026-01-29-at-17.06.18-1.jpeg 1080w\" sizes=\"auto, (max-width: 819px) 100vw, 819px\" \/><\/figure>\n","protected":false},"excerpt":{"rendered":"<p>O aluno egresso do Programa de Mestrado do PPGDN, Marcio Fernando Rodrigues, publicou o livro originado de sua tese de mestrado sobre as diretivas antecipadas de vontade: perspectivas biojur\u00eddicas contempor\u00e2neas. O estudo desenvolvido junto de sua professora orientadora, Dra. Rita de C\u00e1ssia Resquetti Tarifa Espolador, aborda a possibilidade de se aplicar as diretivas antecipadas de [&hellip;]<\/p>\n","protected":false},"author":32,"featured_media":4031,"comment_status":"open","ping_status":"open","sticky":false,"template":"","format":"standard","meta":{"_acf_changed":false,"footnotes":""},"categories":[1],"tags":[],"class_list":["post-4030","post","type-post","status-publish","format-standard","has-post-thumbnail","hentry","category-sem-categoria"],"acf":[],"_links":{"self":[{"href":"https:\/\/pos.uel.br\/direito-negocial\/wp-json\/wp\/v2\/posts\/4030","targetHints":{"allow":["GET"]}}],"collection":[{"href":"https:\/\/pos.uel.br\/direito-negocial\/wp-json\/wp\/v2\/posts"}],"about":[{"href":"https:\/\/pos.uel.br\/direito-negocial\/wp-json\/wp\/v2\/types\/post"}],"author":[{"embeddable":true,"href":"https:\/\/pos.uel.br\/direito-negocial\/wp-json\/wp\/v2\/users\/32"}],"replies":[{"embeddable":true,"href":"https:\/\/pos.uel.br\/direito-negocial\/wp-json\/wp\/v2\/comments?post=4030"}],"version-history":[{"count":1,"href":"https:\/\/pos.uel.br\/direito-negocial\/wp-json\/wp\/v2\/posts\/4030\/revisions"}],"predecessor-version":[{"id":4032,"href":"https:\/\/pos.uel.br\/direito-negocial\/wp-json\/wp\/v2\/posts\/4030\/revisions\/4032"}],"wp:featuredmedia":[{"embeddable":true,"href":"https:\/\/pos.uel.br\/direito-negocial\/wp-json\/wp\/v2\/media\/4031"}],"wp:attachment":[{"href":"https:\/\/pos.uel.br\/direito-negocial\/wp-json\/wp\/v2\/media?parent=4030"}],"wp:term":[{"taxonomy":"category","embeddable":true,"href":"https:\/\/pos.uel.br\/direito-negocial\/wp-json\/wp\/v2\/categories?post=4030"},{"taxonomy":"post_tag","embeddable":true,"href":"https:\/\/pos.uel.br\/direito-negocial\/wp-json\/wp\/v2\/tags?post=4030"}],"curies":[{"name":"wp","href":"https:\/\/api.w.org\/{rel}","templated":true}]}}