{"id":3895,"date":"2026-01-20T12:54:23","date_gmt":"2026-01-20T15:54:23","guid":{"rendered":"https:\/\/pos.uel.br\/direito-negocial\/?p=3895"},"modified":"2026-01-20T12:54:23","modified_gmt":"2026-01-20T15:54:23","slug":"mestrandas-do-ppgdn-uel-participam-do-iv-seminario-italo-brasileiro-de-direitos-fundamentais-na-universita-di-padova","status":"publish","type":"post","link":"https:\/\/pos.uel.br\/direito-negocial\/sem-categoria\/2026\/01\/20\/mestrandas-do-ppgdn-uel-participam-do-iv-seminario-italo-brasileiro-de-direitos-fundamentais-na-universita-di-padova\/","title":{"rendered":"Mestrandas do PPGDN\/UEL participam do IV Semin\u00e1rio \u00cdtalo-Brasileiro de Direitos Fundamentais na Universit\u00e0 di Padova"},"content":{"rendered":"\n<p>O Programa de P\u00f3s-Gradua\u00e7\u00e3o em Direito Negocial (PPGDN) da Universidade Estadual de Londrina (UEL) teve destaque internacional com a participa\u00e7\u00e3o de docentes e discentes no IV Semin\u00e1rio \u00cdtalo-Brasileiro de Direitos Fundamentais, realizado nos dias 19 e 20 de janeiro de 2026, na Universit\u00e0 di Padova, na It\u00e1lia.<\/p>\n\n\n\n<p>O evento, que reuniu pesquisadores e juristas brasileiros e italianos, promoveu o di\u00e1logo acad\u00eamico sobre temas contempor\u00e2neos ligados \u00e0 efetiva\u00e7\u00e3o dos direitos fundamentais, acesso \u00e0 justi\u00e7a e desafios \u00e9tico-jur\u00eddicos trazidos pelas novas tecnologias.<\/p>\n\n\n\n<p>As professoras Dra. Patr\u00edcia Ayub e Dra. T\u00e2nia Lobo Muniz atuaram como moderadoras do Painel 3 \u2013 Acesso \u00e0 Justi\u00e7a e tamb\u00e9m integraram o Comit\u00ea Cient\u00edfico do evento, contribuindo para a sele\u00e7\u00e3o, organiza\u00e7\u00e3o e media\u00e7\u00e3o das discuss\u00f5es acad\u00eamicas durante o semin\u00e1rio.<\/p>\n\n\n\n<p>As professoras Dra. Patr\u00edcia Ayub e Dra. T\u00e2nia Lobo Muniz atuaram como moderadoras do Painel 3 \u2013 Acesso \u00e0 Justi\u00e7a e tamb\u00e9m integraram o Comit\u00ea Cient\u00edfico do evento, contribuindo para a sele\u00e7\u00e3o, organiza\u00e7\u00e3o e media\u00e7\u00e3o das discuss\u00f5es acad\u00eamicas durante o semin\u00e1rio.<\/p>\n\n\n\n<p>A docente Rita Tarifa de C\u00e1ssia Espolador e a mestranda Josiane Aparecida Caxa apresentaram o trabalho intitulado \u201cIntelig\u00eancia Artificial e Decis\u00f5es Biom\u00e9dicas: Desafios \u00e0 Autonomia e \u00e0 Responsabilidade no Biodireito\u201d, que analisa os impactos jur\u00eddicos e bio\u00e9ticos da intelig\u00eancia artificial aplicada \u00e0s decis\u00f5es m\u00e9dicas, especialmente quanto \u00e0 autonomia do paciente e \u00e0 responsabiliza\u00e7\u00e3o no campo do Biodireito.<\/p>\n\n\n\n<p>Na mesma ocasi\u00e3o, as mestrandas Fernanda Sabi\u00e3o Espinhara e Fernanda Endrissi apresentaram dois trabalhos intitulados:<\/p>\n\n\n\n<p>\u201cA crise da litigiosidade de massa nos juizados especiais c\u00edveis e a contribui\u00e7\u00e3o da online dispute resolution (ODR) para o acesso \u00e0 justi\u00e7a do consumidor\u201d;<\/p>\n\n\n\n<p>\u201cO desenho de sistemas de disputas (DSD) como forma de potencializar o acesso \u00e0 justi\u00e7a\u201d, ambos orientados pela professora Patr\u00edcia Ayub.<\/p>\n\n\n\n<p>Sob a orienta\u00e7\u00e3o da professora T\u00e2nia Lobo Muniz, as discentes Ana Beatriz de Souza Slobodticov e Nathalia Godoy Rodrigues apresentaram o artigo \u201cDispute System Design e a Administra\u00e7\u00e3o P\u00fablica: uma nova abordagem no tratamento dos lit\u00edgios estruturais p\u00fablicos\u201d, que prop\u00f5e a aplica\u00e7\u00e3o de m\u00e9todos de desenho de sistemas de disputas \u00e0 gest\u00e3o de conflitos na esfera estatal.<\/p>\n\n\n\n<p>A presen\u00e7a das pesquisadoras do PPGDN\/UEL no evento refor\u00e7a o compromisso do programa com a internacionaliza\u00e7\u00e3o da pesquisa jur\u00eddica, o fortalecimento da coopera\u00e7\u00e3o cient\u00edfica e o di\u00e1logo interdisciplinar entre Direito, tecnologia e direitos fundamentais.<\/p>\n\n\n\n<p>O IV Semin\u00e1rio \u00cdtalo-Brasileiro de Direitos Fundamentais \u00e9 uma realiza\u00e7\u00e3o conjunta entre institui\u00e7\u00f5es brasileiras e italianas e se consolida como um importante f\u00f3rum de interc\u00e2mbio cient\u00edfico e jur\u00eddico entre os dois pa\u00edses.<\/p>\n\n\n\n<figure class=\"wp-block-gallery has-nested-images columns-default is-cropped wp-block-gallery-1 is-layout-flex wp-block-gallery-is-layout-flex\">\n<figure class=\"wp-block-image size-full\"><img loading=\"lazy\" decoding=\"async\" width=\"944\" height=\"930\" data-id=\"3901\" src=\"https:\/\/pos.uel.br\/direito-negocial\/wp-content\/uploads\/2026\/01\/WhatsApp-Image-2026-01-19-at-17.07.29-1.jpeg\" alt=\"\" class=\"wp-image-3901\" srcset=\"https:\/\/pos.uel.br\/direito-negocial\/wp-content\/uploads\/2026\/01\/WhatsApp-Image-2026-01-19-at-17.07.29-1.jpeg 944w, https:\/\/pos.uel.br\/direito-negocial\/wp-content\/uploads\/2026\/01\/WhatsApp-Image-2026-01-19-at-17.07.29-1-300x296.jpeg 300w, https:\/\/pos.uel.br\/direito-negocial\/wp-content\/uploads\/2026\/01\/WhatsApp-Image-2026-01-19-at-17.07.29-1-768x757.jpeg 768w\" sizes=\"auto, (max-width: 944px) 100vw, 944px\" \/><\/figure>\n\n\n\n<figure class=\"wp-block-image size-large\"><img loading=\"lazy\" decoding=\"async\" width=\"782\" height=\"662\" data-id=\"3899\" src=\"https:\/\/pos.uel.br\/direito-negocial\/wp-content\/uploads\/2026\/01\/WhatsApp-Image-2026-01-19-at-17.01.27-1.jpeg\" alt=\"\" class=\"wp-image-3899\" srcset=\"https:\/\/pos.uel.br\/direito-negocial\/wp-content\/uploads\/2026\/01\/WhatsApp-Image-2026-01-19-at-17.01.27-1.jpeg 782w, https:\/\/pos.uel.br\/direito-negocial\/wp-content\/uploads\/2026\/01\/WhatsApp-Image-2026-01-19-at-17.01.27-1-300x254.jpeg 300w, https:\/\/pos.uel.br\/direito-negocial\/wp-content\/uploads\/2026\/01\/WhatsApp-Image-2026-01-19-at-17.01.27-1-768x650.jpeg 768w\" sizes=\"auto, (max-width: 782px) 100vw, 782px\" \/><\/figure>\n<\/figure>\n","protected":false},"excerpt":{"rendered":"<p>O Programa de P\u00f3s-Gradua\u00e7\u00e3o em Direito Negocial (PPGDN) da Universidade Estadual de Londrina (UEL) teve destaque internacional com a participa\u00e7\u00e3o de docentes e discentes no IV Semin\u00e1rio \u00cdtalo-Brasileiro de Direitos Fundamentais, realizado nos dias 19 e 20 de janeiro de 2026, na Universit\u00e0 di Padova, na It\u00e1lia. O evento, que reuniu pesquisadores e juristas brasileiros [&hellip;]<\/p>\n","protected":false},"author":32,"featured_media":3902,"comment_status":"open","ping_status":"open","sticky":false,"template":"","format":"standard","meta":{"_acf_changed":false,"footnotes":""},"categories":[1],"tags":[],"class_list":["post-3895","post","type-post","status-publish","format-standard","has-post-thumbnail","hentry","category-sem-categoria"],"acf":[],"_links":{"self":[{"href":"https:\/\/pos.uel.br\/direito-negocial\/wp-json\/wp\/v2\/posts\/3895","targetHints":{"allow":["GET"]}}],"collection":[{"href":"https:\/\/pos.uel.br\/direito-negocial\/wp-json\/wp\/v2\/posts"}],"about":[{"href":"https:\/\/pos.uel.br\/direito-negocial\/wp-json\/wp\/v2\/types\/post"}],"author":[{"embeddable":true,"href":"https:\/\/pos.uel.br\/direito-negocial\/wp-json\/wp\/v2\/users\/32"}],"replies":[{"embeddable":true,"href":"https:\/\/pos.uel.br\/direito-negocial\/wp-json\/wp\/v2\/comments?post=3895"}],"version-history":[{"count":1,"href":"https:\/\/pos.uel.br\/direito-negocial\/wp-json\/wp\/v2\/posts\/3895\/revisions"}],"predecessor-version":[{"id":3903,"href":"https:\/\/pos.uel.br\/direito-negocial\/wp-json\/wp\/v2\/posts\/3895\/revisions\/3903"}],"wp:featuredmedia":[{"embeddable":true,"href":"https:\/\/pos.uel.br\/direito-negocial\/wp-json\/wp\/v2\/media\/3902"}],"wp:attachment":[{"href":"https:\/\/pos.uel.br\/direito-negocial\/wp-json\/wp\/v2\/media?parent=3895"}],"wp:term":[{"taxonomy":"category","embeddable":true,"href":"https:\/\/pos.uel.br\/direito-negocial\/wp-json\/wp\/v2\/categories?post=3895"},{"taxonomy":"post_tag","embeddable":true,"href":"https:\/\/pos.uel.br\/direito-negocial\/wp-json\/wp\/v2\/tags?post=3895"}],"curies":[{"name":"wp","href":"https:\/\/api.w.org\/{rel}","templated":true}]}}