{"id":3865,"date":"2025-12-11T14:26:16","date_gmt":"2025-12-11T17:26:16","guid":{"rendered":"https:\/\/pos.uel.br\/direito-negocial\/?p=3865"},"modified":"2026-01-08T14:41:34","modified_gmt":"2026-01-08T17:41:34","slug":"docente-do-ppgd-uel-participa-do-v-encontro-latino-americano-de-agricultura-urbana-e-periurbana-e-do-i-seminario-latino-americano-de-geografia-rural-na-colombia","status":"publish","type":"post","link":"https:\/\/pos.uel.br\/direito-negocial\/sem-categoria\/2025\/12\/11\/docente-do-ppgd-uel-participa-do-v-encontro-latino-americano-de-agricultura-urbana-e-periurbana-e-do-i-seminario-latino-americano-de-geografia-rural-na-colombia\/","title":{"rendered":"Docente do PPGD\/UEL participa do V Encontro Latino-Americano de Agricultura Urbana e Periurbana e do I Semin\u00e1rio Latino-Americano de Geografia Rural, na Col\u00f4mbia"},"content":{"rendered":"\n<p>Entre os dias 25 e 28 de novembro de 2025, o professor Miguel Etinger de Araujo Junior, docente do Programa de P\u00f3s-Gradua\u00e7\u00e3o em Direito Negocial da Universidade Estadual de Londrina, participou do V Encontro Latinoamericano de Agricultura Urbana e Periurbana (ELAUP) e do I Semin\u00e1rio Latinoamericano de Geografia Rural (LAGRURAL), realizados na Universidade Nacional da Col\u00f4mbia, em Bogot\u00e1. O tema central dos eventos foi \u201cRuralidades contempor\u00e2neas e os desafios da seguran\u00e7a alimentar na Am\u00e9rica Latina\u201d.<\/p>\n\n\n\n<p>Durante os encontros, o docente apresentou dois artigos completos, produzidos em coautoria com uma graduanda e uma mestranda em Direito da UEL, al\u00e9m de uma mestranda em Servi\u00e7o Social da mesma institui\u00e7\u00e3o. A participa\u00e7\u00e3o do professor Miguel refor\u00e7a o compromisso do PPGD\/UEL com a internacionaliza\u00e7\u00e3o e com o desenvolvimento de pesquisas interdisciplinares que dialogam com temas contempor\u00e2neos e relevantes para o Direito.<\/p>\n\n\n\n<p>O evento contou com a presen\u00e7a de pesquisadores de diversos pa\u00edses da Am\u00e9rica Latina e incluiu um dia de trabalho de campo na localidade de Choach\u00ed, pr\u00f3xima a Bogot\u00e1. A atividade permitiu a observa\u00e7\u00e3o de pr\u00e1ticas de agricultura urbana e periurbana e ampliou a compreens\u00e3o sobre o papel do Direito na promo\u00e7\u00e3o de pol\u00edticas sustent\u00e1veis voltadas \u00e0 seguran\u00e7a alimentar.<\/p>\n\n\n\n<p>Ap\u00f3s o congresso, o professor Miguel realizou ainda uma visita t\u00e9cnica \u00e0 localidade de Mingueo, no Departamento de La Guajira, regi\u00e3o da costa caribenha da Col\u00f4mbia. No local, acompanhou um projeto desenvolvido por um pesquisador da Universidade de Los Andes, que prev\u00ea a implementa\u00e7\u00e3o de um parque solar fotovoltaico e e\u00f3lico, bem como uma esta\u00e7\u00e3o experimental destinada ao estudo dos chamados \u201crodolitos artificiales\u201d. O projeto consiste na instala\u00e7\u00e3o de estruturas no mar, a cerca de 20 metros da costa, voltadas a melhorar a qualidade da \u00e1gua e promover o alargamento da faixa de areia, contribuindo para o desenvolvimento de solu\u00e7\u00f5es inovadoras em sustentabilidade marinha e costeira.<\/p>\n\n\n\n<p>A participa\u00e7\u00e3o do professor Miguel Etinger de Araujo Junior evidencia a relev\u00e2ncia do PPGD\/UEL no cen\u00e1rio acad\u00eamico internacional e reafirma o papel do Direito como campo essencial para a constru\u00e7\u00e3o de pr\u00e1ticas sustent\u00e1veis na Am\u00e9rica Latina.<\/p>\n\n\n\n<figure class=\"wp-block-image size-large is-resized\"><img loading=\"lazy\" decoding=\"async\" width=\"766\" height=\"1024\" src=\"https:\/\/pos.uel.br\/direito-negocial\/wp-content\/uploads\/2025\/12\/Captura-de-Tela-2026-01-08-a\u0300s-14.38.47-766x1024.png\" alt=\"\" class=\"wp-image-3883\" style=\"width:541px;height:auto\" srcset=\"https:\/\/pos.uel.br\/direito-negocial\/wp-content\/uploads\/2025\/12\/Captura-de-Tela-2026-01-08-a\u0300s-14.38.47-766x1024.png 766w, https:\/\/pos.uel.br\/direito-negocial\/wp-content\/uploads\/2025\/12\/Captura-de-Tela-2026-01-08-a\u0300s-14.38.47-224x300.png 224w, https:\/\/pos.uel.br\/direito-negocial\/wp-content\/uploads\/2025\/12\/Captura-de-Tela-2026-01-08-a\u0300s-14.38.47-768x1026.png 768w, https:\/\/pos.uel.br\/direito-negocial\/wp-content\/uploads\/2025\/12\/Captura-de-Tela-2026-01-08-a\u0300s-14.38.47.png 892w\" sizes=\"auto, (max-width: 766px) 100vw, 766px\" \/><\/figure>\n\n\n\n<figure class=\"wp-block-image size-large is-resized\"><img loading=\"lazy\" decoding=\"async\" width=\"1024\" height=\"752\" src=\"https:\/\/pos.uel.br\/direito-negocial\/wp-content\/uploads\/2025\/12\/Captura-de-Tela-2026-01-08-a\u0300s-14.39.55-1024x752.png\" alt=\"\" class=\"wp-image-3884\" style=\"aspect-ratio:1.3611704995445166;width:544px;height:auto\" srcset=\"https:\/\/pos.uel.br\/direito-negocial\/wp-content\/uploads\/2025\/12\/Captura-de-Tela-2026-01-08-a\u0300s-14.39.55-1024x752.png 1024w, https:\/\/pos.uel.br\/direito-negocial\/wp-content\/uploads\/2025\/12\/Captura-de-Tela-2026-01-08-a\u0300s-14.39.55-300x220.png 300w, https:\/\/pos.uel.br\/direito-negocial\/wp-content\/uploads\/2025\/12\/Captura-de-Tela-2026-01-08-a\u0300s-14.39.55-768x564.png 768w, https:\/\/pos.uel.br\/direito-negocial\/wp-content\/uploads\/2025\/12\/Captura-de-Tela-2026-01-08-a\u0300s-14.39.55-1536x1128.png 1536w, https:\/\/pos.uel.br\/direito-negocial\/wp-content\/uploads\/2025\/12\/Captura-de-Tela-2026-01-08-a\u0300s-14.39.55.png 1598w\" sizes=\"auto, (max-width: 1024px) 100vw, 1024px\" \/><\/figure>\n\n\n\n<figure class=\"wp-block-image size-large is-resized\"><img loading=\"lazy\" decoding=\"async\" width=\"1024\" height=\"768\" src=\"https:\/\/pos.uel.br\/direito-negocial\/wp-content\/uploads\/2025\/12\/Captura-de-Tela-2026-01-08-a\u0300s-14.40.23-1024x768.png\" alt=\"\" class=\"wp-image-3885\" style=\"width:555px;height:auto\" srcset=\"https:\/\/pos.uel.br\/direito-negocial\/wp-content\/uploads\/2025\/12\/Captura-de-Tela-2026-01-08-a\u0300s-14.40.23-1024x768.png 1024w, https:\/\/pos.uel.br\/direito-negocial\/wp-content\/uploads\/2025\/12\/Captura-de-Tela-2026-01-08-a\u0300s-14.40.23-300x225.png 300w, https:\/\/pos.uel.br\/direito-negocial\/wp-content\/uploads\/2025\/12\/Captura-de-Tela-2026-01-08-a\u0300s-14.40.23-768x576.png 768w, https:\/\/pos.uel.br\/direito-negocial\/wp-content\/uploads\/2025\/12\/Captura-de-Tela-2026-01-08-a\u0300s-14.40.23-1536x1152.png 1536w, https:\/\/pos.uel.br\/direito-negocial\/wp-content\/uploads\/2025\/12\/Captura-de-Tela-2026-01-08-a\u0300s-14.40.23.png 1600w\" sizes=\"auto, (max-width: 1024px) 100vw, 1024px\" \/><\/figure>\n\n\n\n<figure class=\"wp-block-image size-large is-resized\"><img loading=\"lazy\" decoding=\"async\" width=\"1024\" height=\"760\" src=\"https:\/\/pos.uel.br\/direito-negocial\/wp-content\/uploads\/2025\/12\/Captura-de-Tela-2026-01-08-a\u0300s-14.40.52-1024x760.png\" alt=\"\" class=\"wp-image-3886\" style=\"aspect-ratio:1.3473930872876392;width:555px;height:auto\" srcset=\"https:\/\/pos.uel.br\/direito-negocial\/wp-content\/uploads\/2025\/12\/Captura-de-Tela-2026-01-08-a\u0300s-14.40.52-1024x760.png 1024w, https:\/\/pos.uel.br\/direito-negocial\/wp-content\/uploads\/2025\/12\/Captura-de-Tela-2026-01-08-a\u0300s-14.40.52-300x223.png 300w, https:\/\/pos.uel.br\/direito-negocial\/wp-content\/uploads\/2025\/12\/Captura-de-Tela-2026-01-08-a\u0300s-14.40.52-768x570.png 768w, https:\/\/pos.uel.br\/direito-negocial\/wp-content\/uploads\/2025\/12\/Captura-de-Tela-2026-01-08-a\u0300s-14.40.52-1536x1140.png 1536w, https:\/\/pos.uel.br\/direito-negocial\/wp-content\/uploads\/2025\/12\/Captura-de-Tela-2026-01-08-a\u0300s-14.40.52.png 1590w\" sizes=\"auto, (max-width: 1024px) 100vw, 1024px\" \/><\/figure>\n","protected":false},"excerpt":{"rendered":"<p>Entre os dias 25 e 28 de novembro de 2025, o professor Miguel Etinger de Araujo Junior, docente do Programa de P\u00f3s-Gradua\u00e7\u00e3o em Direito Negocial da Universidade Estadual de Londrina, participou do V Encontro Latinoamericano de Agricultura Urbana e Periurbana (ELAUP) e do I Semin\u00e1rio Latinoamericano de Geografia Rural (LAGRURAL), realizados na Universidade Nacional da [&hellip;]<\/p>\n","protected":false},"author":34,"featured_media":3866,"comment_status":"open","ping_status":"open","sticky":false,"template":"","format":"standard","meta":{"_acf_changed":false,"footnotes":""},"categories":[1],"tags":[],"class_list":["post-3865","post","type-post","status-publish","format-standard","has-post-thumbnail","hentry","category-sem-categoria"],"acf":[],"_links":{"self":[{"href":"https:\/\/pos.uel.br\/direito-negocial\/wp-json\/wp\/v2\/posts\/3865","targetHints":{"allow":["GET"]}}],"collection":[{"href":"https:\/\/pos.uel.br\/direito-negocial\/wp-json\/wp\/v2\/posts"}],"about":[{"href":"https:\/\/pos.uel.br\/direito-negocial\/wp-json\/wp\/v2\/types\/post"}],"author":[{"embeddable":true,"href":"https:\/\/pos.uel.br\/direito-negocial\/wp-json\/wp\/v2\/users\/34"}],"replies":[{"embeddable":true,"href":"https:\/\/pos.uel.br\/direito-negocial\/wp-json\/wp\/v2\/comments?post=3865"}],"version-history":[{"count":3,"href":"https:\/\/pos.uel.br\/direito-negocial\/wp-json\/wp\/v2\/posts\/3865\/revisions"}],"predecessor-version":[{"id":3887,"href":"https:\/\/pos.uel.br\/direito-negocial\/wp-json\/wp\/v2\/posts\/3865\/revisions\/3887"}],"wp:featuredmedia":[{"embeddable":true,"href":"https:\/\/pos.uel.br\/direito-negocial\/wp-json\/wp\/v2\/media\/3866"}],"wp:attachment":[{"href":"https:\/\/pos.uel.br\/direito-negocial\/wp-json\/wp\/v2\/media?parent=3865"}],"wp:term":[{"taxonomy":"category","embeddable":true,"href":"https:\/\/pos.uel.br\/direito-negocial\/wp-json\/wp\/v2\/categories?post=3865"},{"taxonomy":"post_tag","embeddable":true,"href":"https:\/\/pos.uel.br\/direito-negocial\/wp-json\/wp\/v2\/tags?post=3865"}],"curies":[{"name":"wp","href":"https:\/\/api.w.org\/{rel}","templated":true}]}}