{"id":3847,"date":"2025-12-09T10:48:10","date_gmt":"2025-12-09T13:48:10","guid":{"rendered":"https:\/\/pos.uel.br\/direito-negocial\/?p=3847"},"modified":"2025-12-09T10:51:24","modified_gmt":"2025-12-09T13:51:24","slug":"encerramento-da-mobilidade-internacional-de-mestrado-sanduiche","status":"publish","type":"post","link":"https:\/\/pos.uel.br\/direito-negocial\/sem-categoria\/2025\/12\/09\/encerramento-da-mobilidade-internacional-de-mestrado-sanduiche\/","title":{"rendered":"Encerramento da Mobilidade Internacional de Mestrado Sandu\u00edche"},"content":{"rendered":"\n<p>A discente Bianca Conti concluiu sua mobilidade internacional de mestrado sandu\u00edche na Universidade Nacional de Misiones (UNaM), no Programa de P\u00f3s-Gradua\u00e7\u00e3o em Gest\u00e3o do Desenvolvimento Socioterritorial. A atividade integrou o Programa ZICOSUR e contou com financiamento da SETI e da Funda\u00e7\u00e3o Arauc\u00e1ria.<\/p>\n\n\n\n<p>Durante o per\u00edodo na UNaM, a mestranda cursou as disciplinas de Pol\u00edticas P\u00fablicas, Ordenamento Territorial e Gest\u00e3o Ambiental, al\u00e9m de participar de oficinas de participa\u00e7\u00e3o popular na regulamenta\u00e7\u00e3o de leis urban\u00edsticas e ambientais, bem como de diversos semin\u00e1rios e eventos acad\u00eamicos.<\/p>\n\n\n\n<p>Como resultado da mobilidade, desenvolveu um artigo analisando a rela\u00e7\u00e3o entre direito \u00e0 cidade, sustentabilidade urbana e instrumentos normativos de mitiga\u00e7\u00e3o clim\u00e1tica, tendo como estudo de caso a cidade de Posadas (Misiones\/Argentina). A partir da preocupa\u00e7\u00e3o com a injusti\u00e7a socioambiental, o trabalho examina as tens\u00f5es existentes na produ\u00e7\u00e3o do espa\u00e7o urbano &#8211; principalmente no que diz respeito \u00e0 gera\u00e7\u00e3o de vazios urbanos &#8211; e a necessidade de \u00e1reas verdes para adapta\u00e7\u00e3o e mitiga\u00e7\u00e3o clim\u00e1tica.<\/p>\n\n\n\n<p>A pesquisa gerou ainda dados que podem subsidiar futuras investiga\u00e7\u00f5es comparativas com outras cidades, como Londrina, contribuindo para an\u00e1lises sobre planejamento urbano, gest\u00e3o territorial e respostas locais \u00e0s mudan\u00e7as clim\u00e1ticas.<\/p>\n\n\n\n<figure class=\"wp-block-image size-large\"><img loading=\"lazy\" decoding=\"async\" width=\"576\" height=\"1024\" src=\"https:\/\/pos.uel.br\/direito-negocial\/wp-content\/uploads\/2025\/12\/WhatsApp-Image-2025-12-09-at-10.38.43-576x1024.jpeg\" alt=\"\" class=\"wp-image-3848\" srcset=\"https:\/\/pos.uel.br\/direito-negocial\/wp-content\/uploads\/2025\/12\/WhatsApp-Image-2025-12-09-at-10.38.43-576x1024.jpeg 576w, https:\/\/pos.uel.br\/direito-negocial\/wp-content\/uploads\/2025\/12\/WhatsApp-Image-2025-12-09-at-10.38.43-169x300.jpeg 169w, https:\/\/pos.uel.br\/direito-negocial\/wp-content\/uploads\/2025\/12\/WhatsApp-Image-2025-12-09-at-10.38.43-768x1366.jpeg 768w, https:\/\/pos.uel.br\/direito-negocial\/wp-content\/uploads\/2025\/12\/WhatsApp-Image-2025-12-09-at-10.38.43-864x1536.jpeg 864w, https:\/\/pos.uel.br\/direito-negocial\/wp-content\/uploads\/2025\/12\/WhatsApp-Image-2025-12-09-at-10.38.43.jpeg 899w\" sizes=\"auto, (max-width: 576px) 100vw, 576px\" \/><\/figure>\n","protected":false},"excerpt":{"rendered":"<p>A discente Bianca Conti concluiu sua mobilidade internacional de mestrado sandu\u00edche na Universidade Nacional de Misiones (UNaM), no Programa de P\u00f3s-Gradua\u00e7\u00e3o em Gest\u00e3o do Desenvolvimento Socioterritorial. A atividade integrou o Programa ZICOSUR e contou com financiamento da SETI e da Funda\u00e7\u00e3o Arauc\u00e1ria. Durante o per\u00edodo na UNaM, a mestranda cursou as disciplinas de Pol\u00edticas P\u00fablicas, [&hellip;]<\/p>\n","protected":false},"author":34,"featured_media":3848,"comment_status":"open","ping_status":"open","sticky":false,"template":"","format":"standard","meta":{"_acf_changed":false,"footnotes":""},"categories":[1],"tags":[],"class_list":["post-3847","post","type-post","status-publish","format-standard","has-post-thumbnail","hentry","category-sem-categoria"],"acf":[],"_links":{"self":[{"href":"https:\/\/pos.uel.br\/direito-negocial\/wp-json\/wp\/v2\/posts\/3847","targetHints":{"allow":["GET"]}}],"collection":[{"href":"https:\/\/pos.uel.br\/direito-negocial\/wp-json\/wp\/v2\/posts"}],"about":[{"href":"https:\/\/pos.uel.br\/direito-negocial\/wp-json\/wp\/v2\/types\/post"}],"author":[{"embeddable":true,"href":"https:\/\/pos.uel.br\/direito-negocial\/wp-json\/wp\/v2\/users\/34"}],"replies":[{"embeddable":true,"href":"https:\/\/pos.uel.br\/direito-negocial\/wp-json\/wp\/v2\/comments?post=3847"}],"version-history":[{"count":2,"href":"https:\/\/pos.uel.br\/direito-negocial\/wp-json\/wp\/v2\/posts\/3847\/revisions"}],"predecessor-version":[{"id":3850,"href":"https:\/\/pos.uel.br\/direito-negocial\/wp-json\/wp\/v2\/posts\/3847\/revisions\/3850"}],"wp:featuredmedia":[{"embeddable":true,"href":"https:\/\/pos.uel.br\/direito-negocial\/wp-json\/wp\/v2\/media\/3848"}],"wp:attachment":[{"href":"https:\/\/pos.uel.br\/direito-negocial\/wp-json\/wp\/v2\/media?parent=3847"}],"wp:term":[{"taxonomy":"category","embeddable":true,"href":"https:\/\/pos.uel.br\/direito-negocial\/wp-json\/wp\/v2\/categories?post=3847"},{"taxonomy":"post_tag","embeddable":true,"href":"https:\/\/pos.uel.br\/direito-negocial\/wp-json\/wp\/v2\/tags?post=3847"}],"curies":[{"name":"wp","href":"https:\/\/api.w.org\/{rel}","templated":true}]}}