{"id":3844,"date":"2025-12-08T13:57:35","date_gmt":"2025-12-08T16:57:35","guid":{"rendered":"https:\/\/pos.uel.br\/direito-negocial\/?p=3844"},"modified":"2025-12-08T13:57:35","modified_gmt":"2025-12-08T16:57:35","slug":"encerramento-da-disciplina-economia-direito-e-democracia-no-ppgdn-uel","status":"publish","type":"post","link":"https:\/\/pos.uel.br\/direito-negocial\/sem-categoria\/2025\/12\/08\/encerramento-da-disciplina-economia-direito-e-democracia-no-ppgdn-uel\/","title":{"rendered":"Encerramento da Disciplina \u201cEconomia, Direito e Democracia\u201d no PPGDN\/UEL"},"content":{"rendered":"\n<p>O Programa de Mestrado e Doutorado em Direito da Universidade Estadual de Londrina (UEL) finalizou a disciplina <strong>\u201cEconomia, Direito e Democracia\u201d<\/strong>, ministrada pelo professor <strong>Dr. Elve Miguel Cenci<\/strong>, que integra o corpo docente do PPGDN e desenvolve pesquisas na interface entre Filosofia, Direito e Estado Democr\u00e1tico.<\/p>\n\n\n\n<p>A disciplina proporcionou aos p\u00f3s-graduandos uma forma\u00e7\u00e3o cr\u00edtica e interdisciplinar, abordando as rela\u00e7\u00f5es entre desenvolvimento econ\u00f4mico, ordenamento jur\u00eddico e os desafios contempor\u00e2neos da democracia. Ao longo das aulas, foram debatidos temas fundamentais para compreender as transforma\u00e7\u00f5es sociais e institucionais que impactam o Direito e a governan\u00e7a p\u00fablica.<\/p>\n\n\n\n<p>O PPGDN parabeniza a turma pelo empenho, participa\u00e7\u00e3o ativa e pela qualidade dos debates que enriqueceram o percurso acad\u00eamico. Seguimos fortalecendo uma p\u00f3s-gradua\u00e7\u00e3o comprometida com pesquisa s\u00f3lida, reflex\u00e3o cr\u00edtica e responsabilidade social.<\/p>\n\n\n\n<figure class=\"wp-block-image size-large is-resized\"><img loading=\"lazy\" decoding=\"async\" width=\"1024\" height=\"768\" src=\"https:\/\/pos.uel.br\/direito-negocial\/wp-content\/uploads\/2025\/12\/WhatsApp-Image-2025-12-08-at-13.23.26-1024x768.jpeg\" alt=\"\" class=\"wp-image-3845\" style=\"width:556px;height:auto\" srcset=\"https:\/\/pos.uel.br\/direito-negocial\/wp-content\/uploads\/2025\/12\/WhatsApp-Image-2025-12-08-at-13.23.26-1024x768.jpeg 1024w, https:\/\/pos.uel.br\/direito-negocial\/wp-content\/uploads\/2025\/12\/WhatsApp-Image-2025-12-08-at-13.23.26-300x225.jpeg 300w, https:\/\/pos.uel.br\/direito-negocial\/wp-content\/uploads\/2025\/12\/WhatsApp-Image-2025-12-08-at-13.23.26-768x576.jpeg 768w, https:\/\/pos.uel.br\/direito-negocial\/wp-content\/uploads\/2025\/12\/WhatsApp-Image-2025-12-08-at-13.23.26.jpeg 1280w\" sizes=\"auto, (max-width: 1024px) 100vw, 1024px\" \/><\/figure>\n","protected":false},"excerpt":{"rendered":"<p>O Programa de Mestrado e Doutorado em Direito da Universidade Estadual de Londrina (UEL) finalizou a disciplina \u201cEconomia, Direito e Democracia\u201d, ministrada pelo professor Dr. Elve Miguel Cenci, que integra o corpo docente do PPGDN e desenvolve pesquisas na interface entre Filosofia, Direito e Estado Democr\u00e1tico. A disciplina proporcionou aos p\u00f3s-graduandos uma forma\u00e7\u00e3o cr\u00edtica e [&hellip;]<\/p>\n","protected":false},"author":34,"featured_media":3845,"comment_status":"open","ping_status":"open","sticky":false,"template":"","format":"standard","meta":{"_acf_changed":false,"footnotes":""},"categories":[1],"tags":[],"class_list":["post-3844","post","type-post","status-publish","format-standard","has-post-thumbnail","hentry","category-sem-categoria"],"acf":[],"_links":{"self":[{"href":"https:\/\/pos.uel.br\/direito-negocial\/wp-json\/wp\/v2\/posts\/3844","targetHints":{"allow":["GET"]}}],"collection":[{"href":"https:\/\/pos.uel.br\/direito-negocial\/wp-json\/wp\/v2\/posts"}],"about":[{"href":"https:\/\/pos.uel.br\/direito-negocial\/wp-json\/wp\/v2\/types\/post"}],"author":[{"embeddable":true,"href":"https:\/\/pos.uel.br\/direito-negocial\/wp-json\/wp\/v2\/users\/34"}],"replies":[{"embeddable":true,"href":"https:\/\/pos.uel.br\/direito-negocial\/wp-json\/wp\/v2\/comments?post=3844"}],"version-history":[{"count":1,"href":"https:\/\/pos.uel.br\/direito-negocial\/wp-json\/wp\/v2\/posts\/3844\/revisions"}],"predecessor-version":[{"id":3846,"href":"https:\/\/pos.uel.br\/direito-negocial\/wp-json\/wp\/v2\/posts\/3844\/revisions\/3846"}],"wp:featuredmedia":[{"embeddable":true,"href":"https:\/\/pos.uel.br\/direito-negocial\/wp-json\/wp\/v2\/media\/3845"}],"wp:attachment":[{"href":"https:\/\/pos.uel.br\/direito-negocial\/wp-json\/wp\/v2\/media?parent=3844"}],"wp:term":[{"taxonomy":"category","embeddable":true,"href":"https:\/\/pos.uel.br\/direito-negocial\/wp-json\/wp\/v2\/categories?post=3844"},{"taxonomy":"post_tag","embeddable":true,"href":"https:\/\/pos.uel.br\/direito-negocial\/wp-json\/wp\/v2\/tags?post=3844"}],"curies":[{"name":"wp","href":"https:\/\/api.w.org\/{rel}","templated":true}]}}