{"id":3803,"date":"2025-12-03T11:11:32","date_gmt":"2025-12-03T14:11:32","guid":{"rendered":"https:\/\/pos.uel.br\/direito-negocial\/?p=3803"},"modified":"2025-12-03T11:21:25","modified_gmt":"2025-12-03T14:21:25","slug":"professor-da-usp-visita-o-ppgd-uel-e-participa-da-abertura-da-60a-semana-juridica","status":"publish","type":"post","link":"https:\/\/pos.uel.br\/direito-negocial\/sem-categoria\/2025\/12\/03\/professor-da-usp-visita-o-ppgd-uel-e-participa-da-abertura-da-60a-semana-juridica\/","title":{"rendered":"Professor da USP visita o PPGD-UEL e participa da abertura da 60\u00aa Semana Jur\u00eddica"},"content":{"rendered":"\n<p>O Programa de P\u00f3s-Gradua\u00e7\u00e3o em Direito da Universidade Estadual de Londrina (PPGD-UEL) recebeu, no dia 24 de novembro de 2025, a visita do Prof. Dr. Wagner Menezes, renomado professor de Direito Internacional da Universidade de S\u00e3o Paulo (USP) e refer\u00eancia nacional na \u00e1rea.<\/p>\n\n\n\n<p>Durante sua passagem pelo PPGD, o professor reuniu-se com mestrandos e doutorandos para um encontro acad\u00eamico dedicado \u00e0 discuss\u00e3o de temas atuais e desafiadores do Direito Internacional, promovendo um di\u00e1logo qualificado e contribuindo para o aprofundamento das pesquisas desenvolvidas no programa.<\/p>\n\n\n\n<p>Al\u00e9m da atividade no PPGD, o Prof. Dr. Wagner Menezes esteve tamb\u00e9m na abertura da 60\u00aa Semana Jur\u00eddica da UEL, a convite do Centro Acad\u00eamico Sete de Mar\u00e7o, onde proferiu a confer\u00eancia inaugural do tradicional evento jur\u00eddico da universidade. Sua presen\u00e7a marcou de forma significativa a edi\u00e7\u00e3o comemorativa da Semana Jur\u00eddica, refor\u00e7ando o compromisso da UEL com a excel\u00eancia acad\u00eamica e a circula\u00e7\u00e3o de grandes nomes do Direito brasileiro.<\/p>\n\n\n\n<p>A Dire\u00e7\u00e3o do PPGD-UEL agradece a valiosa contribui\u00e7\u00e3o do Prof. Dr. Wagner Menezes e destaca a import\u00e2ncia de espa\u00e7os de di\u00e1logo que aproximem a p\u00f3s-gradua\u00e7\u00e3o de debates contempor\u00e2neos e interdisciplinares.<\/p>\n\n\n<figure class=\"wp-block-post-featured-image\"><img loading=\"lazy\" decoding=\"async\" width=\"1600\" height=\"900\" src=\"https:\/\/pos.uel.br\/direito-negocial\/wp-content\/uploads\/2025\/12\/7beeef08-85b1-4097-8989-af75796bb982.jpeg\" class=\"attachment-post-thumbnail size-post-thumbnail wp-post-image\" alt=\"\" style=\"object-fit:cover;\" srcset=\"https:\/\/pos.uel.br\/direito-negocial\/wp-content\/uploads\/2025\/12\/7beeef08-85b1-4097-8989-af75796bb982.jpeg 1600w, https:\/\/pos.uel.br\/direito-negocial\/wp-content\/uploads\/2025\/12\/7beeef08-85b1-4097-8989-af75796bb982-300x169.jpeg 300w, https:\/\/pos.uel.br\/direito-negocial\/wp-content\/uploads\/2025\/12\/7beeef08-85b1-4097-8989-af75796bb982-1024x576.jpeg 1024w, https:\/\/pos.uel.br\/direito-negocial\/wp-content\/uploads\/2025\/12\/7beeef08-85b1-4097-8989-af75796bb982-768x432.jpeg 768w, https:\/\/pos.uel.br\/direito-negocial\/wp-content\/uploads\/2025\/12\/7beeef08-85b1-4097-8989-af75796bb982-1536x864.jpeg 1536w\" sizes=\"auto, (max-width: 1600px) 100vw, 1600px\" \/><\/figure>","protected":false},"excerpt":{"rendered":"<p>O Programa de P\u00f3s-Gradua\u00e7\u00e3o em Direito da Universidade Estadual de Londrina (PPGD-UEL) recebeu, no dia 24 de novembro de 2025, a visita do Prof. Dr. Wagner Menezes, renomado professor de Direito Internacional da Universidade de S\u00e3o Paulo (USP) e refer\u00eancia nacional na \u00e1rea. Durante sua passagem pelo PPGD, o professor reuniu-se com mestrandos e doutorandos [&hellip;]<\/p>\n","protected":false},"author":9,"featured_media":3804,"comment_status":"open","ping_status":"open","sticky":false,"template":"","format":"standard","meta":{"_acf_changed":false,"footnotes":""},"categories":[1],"tags":[],"class_list":["post-3803","post","type-post","status-publish","format-standard","has-post-thumbnail","hentry","category-sem-categoria"],"acf":[],"_links":{"self":[{"href":"https:\/\/pos.uel.br\/direito-negocial\/wp-json\/wp\/v2\/posts\/3803","targetHints":{"allow":["GET"]}}],"collection":[{"href":"https:\/\/pos.uel.br\/direito-negocial\/wp-json\/wp\/v2\/posts"}],"about":[{"href":"https:\/\/pos.uel.br\/direito-negocial\/wp-json\/wp\/v2\/types\/post"}],"author":[{"embeddable":true,"href":"https:\/\/pos.uel.br\/direito-negocial\/wp-json\/wp\/v2\/users\/9"}],"replies":[{"embeddable":true,"href":"https:\/\/pos.uel.br\/direito-negocial\/wp-json\/wp\/v2\/comments?post=3803"}],"version-history":[{"count":2,"href":"https:\/\/pos.uel.br\/direito-negocial\/wp-json\/wp\/v2\/posts\/3803\/revisions"}],"predecessor-version":[{"id":3818,"href":"https:\/\/pos.uel.br\/direito-negocial\/wp-json\/wp\/v2\/posts\/3803\/revisions\/3818"}],"wp:featuredmedia":[{"embeddable":true,"href":"https:\/\/pos.uel.br\/direito-negocial\/wp-json\/wp\/v2\/media\/3804"}],"wp:attachment":[{"href":"https:\/\/pos.uel.br\/direito-negocial\/wp-json\/wp\/v2\/media?parent=3803"}],"wp:term":[{"taxonomy":"category","embeddable":true,"href":"https:\/\/pos.uel.br\/direito-negocial\/wp-json\/wp\/v2\/categories?post=3803"},{"taxonomy":"post_tag","embeddable":true,"href":"https:\/\/pos.uel.br\/direito-negocial\/wp-json\/wp\/v2\/tags?post=3803"}],"curies":[{"name":"wp","href":"https:\/\/api.w.org\/{rel}","templated":true}]}}