{"id":3799,"date":"2025-12-03T09:01:18","date_gmt":"2025-12-03T12:01:18","guid":{"rendered":"https:\/\/pos.uel.br\/direito-negocial\/?p=3799"},"modified":"2025-12-03T09:02:35","modified_gmt":"2025-12-03T12:02:35","slug":"dissertacao-aborda-regulacao-do-solo-urbano-e-enfrentamento-das-mudancas-climaticas","status":"publish","type":"post","link":"https:\/\/pos.uel.br\/direito-negocial\/sem-categoria\/2025\/12\/03\/dissertacao-aborda-regulacao-do-solo-urbano-e-enfrentamento-das-mudancas-climaticas\/","title":{"rendered":"Disserta\u00e7\u00e3o aborda regula\u00e7\u00e3o do solo urbano e enfrentamento das mudan\u00e7as clim\u00e1ticas"},"content":{"rendered":"\n<p><\/p>\n\n\n\n<p>A estudante Bianca Chbane Conti, advogada e mestranda em Direito pela Universidade Estadual de Londrina (UEL), apresentar\u00e1 a disserta\u00e7\u00e3o intitulada \u201cRegula\u00e7\u00e3o do solo urbano para a ocupa\u00e7\u00e3o de espa\u00e7os urbanos vazios como estrat\u00e9gia de adapta\u00e7\u00e3o e mitiga\u00e7\u00e3o ao cambio clim\u00e1tico\u201d.<\/p>\n\n\n\n<p>A pesquisa integra seu per\u00edodo de estudos em modalidade sandwich, realizado por meio do programa ZICOSUR, na Maestr\u00eda en Gesti\u00f3n del Desarrollo Socioterritorial da Universidad Nacional de Misiones (Argentina). O interc\u00e2mbio \u00e9 financiado pela Funda\u00e7\u00e3o Arauc\u00e1ria de Apoio ao Desenvolvimento Cient\u00edfico e Tecnol\u00f3gico do Paran\u00e1 (FA), por meio do programa de Mobilidade Internacional.<\/p>\n\n\n\n<p>O trabalho de Bianca analisa como pol\u00edticas p\u00fablicas de uso e ocupa\u00e7\u00e3o do solo podem contribuir para reduzir vulnerabilidades socioambientais, diminuir o n\u00famero de \u00e1reas urbanas ociosas e, ao mesmo tempo, promover estrat\u00e9gias de adapta\u00e7\u00e3o e mitiga\u00e7\u00e3o aos efeitos das mudan\u00e7as clim\u00e1ticas. A proposta dialoga diretamente com debates contempor\u00e2neos sobre planejamento urbano, sustentabilidade e governan\u00e7a territorial.<\/p>\n\n\n\n<p>A apresenta\u00e7\u00e3o ocorrer\u00e1 ter\u00e7a-feira, 2 de dezembro, \u00e0s 18h, em modalidade h\u00edbrida, na Sala CD FHyCS UNaM, localizada na Tucum\u00e1n 1946, Primeiro Piso, em Posadas (Argentina). Tamb\u00e9m haver\u00e1 transmiss\u00e3o ao vivo via Zoom, possibilitando a participa\u00e7\u00e3o remota de interessados.<\/p>\n\n\n\n<p>O Programa de P\u00f3s-Gradua\u00e7\u00e3o em Direito Negocial da UEL parabeniza a discente pelo desenvolvimento da pesquisa e pela representa\u00e7\u00e3o institucional internacional, fortalecendo os v\u00ednculos acad\u00eamicos e a circula\u00e7\u00e3o de conhecimento entre universidades da Am\u00e9rica Latina.<\/p>\n\n\n\n<figure class=\"wp-block-image size-large is-resized\"><img loading=\"lazy\" decoding=\"async\" width=\"835\" height=\"1024\" src=\"https:\/\/pos.uel.br\/direito-negocial\/wp-content\/uploads\/2025\/12\/WhatsApp-Image-2025-12-02-at-09.26.45-835x1024.jpeg\" alt=\"\" class=\"wp-image-3800\" style=\"width:556px;height:auto\" srcset=\"https:\/\/pos.uel.br\/direito-negocial\/wp-content\/uploads\/2025\/12\/WhatsApp-Image-2025-12-02-at-09.26.45-835x1024.jpeg 835w, https:\/\/pos.uel.br\/direito-negocial\/wp-content\/uploads\/2025\/12\/WhatsApp-Image-2025-12-02-at-09.26.45-245x300.jpeg 245w, https:\/\/pos.uel.br\/direito-negocial\/wp-content\/uploads\/2025\/12\/WhatsApp-Image-2025-12-02-at-09.26.45-768x942.jpeg 768w, https:\/\/pos.uel.br\/direito-negocial\/wp-content\/uploads\/2025\/12\/WhatsApp-Image-2025-12-02-at-09.26.45.jpeg 1080w\" sizes=\"auto, (max-width: 835px) 100vw, 835px\" \/><\/figure>\n","protected":false},"excerpt":{"rendered":"<p>A estudante Bianca Chbane Conti, advogada e mestranda em Direito pela Universidade Estadual de Londrina (UEL), apresentar\u00e1 a disserta\u00e7\u00e3o intitulada \u201cRegula\u00e7\u00e3o do solo urbano para a ocupa\u00e7\u00e3o de espa\u00e7os urbanos vazios como estrat\u00e9gia de adapta\u00e7\u00e3o e mitiga\u00e7\u00e3o ao cambio clim\u00e1tico\u201d. A pesquisa integra seu per\u00edodo de estudos em modalidade sandwich, realizado por meio do programa [&hellip;]<\/p>\n","protected":false},"author":34,"featured_media":3800,"comment_status":"open","ping_status":"open","sticky":false,"template":"","format":"standard","meta":{"_acf_changed":false,"footnotes":""},"categories":[1],"tags":[],"class_list":["post-3799","post","type-post","status-publish","format-standard","has-post-thumbnail","hentry","category-sem-categoria"],"acf":[],"_links":{"self":[{"href":"https:\/\/pos.uel.br\/direito-negocial\/wp-json\/wp\/v2\/posts\/3799","targetHints":{"allow":["GET"]}}],"collection":[{"href":"https:\/\/pos.uel.br\/direito-negocial\/wp-json\/wp\/v2\/posts"}],"about":[{"href":"https:\/\/pos.uel.br\/direito-negocial\/wp-json\/wp\/v2\/types\/post"}],"author":[{"embeddable":true,"href":"https:\/\/pos.uel.br\/direito-negocial\/wp-json\/wp\/v2\/users\/34"}],"replies":[{"embeddable":true,"href":"https:\/\/pos.uel.br\/direito-negocial\/wp-json\/wp\/v2\/comments?post=3799"}],"version-history":[{"count":1,"href":"https:\/\/pos.uel.br\/direito-negocial\/wp-json\/wp\/v2\/posts\/3799\/revisions"}],"predecessor-version":[{"id":3801,"href":"https:\/\/pos.uel.br\/direito-negocial\/wp-json\/wp\/v2\/posts\/3799\/revisions\/3801"}],"wp:featuredmedia":[{"embeddable":true,"href":"https:\/\/pos.uel.br\/direito-negocial\/wp-json\/wp\/v2\/media\/3800"}],"wp:attachment":[{"href":"https:\/\/pos.uel.br\/direito-negocial\/wp-json\/wp\/v2\/media?parent=3799"}],"wp:term":[{"taxonomy":"category","embeddable":true,"href":"https:\/\/pos.uel.br\/direito-negocial\/wp-json\/wp\/v2\/categories?post=3799"},{"taxonomy":"post_tag","embeddable":true,"href":"https:\/\/pos.uel.br\/direito-negocial\/wp-json\/wp\/v2\/tags?post=3799"}],"curies":[{"name":"wp","href":"https:\/\/api.w.org\/{rel}","templated":true}]}}