{"id":3786,"date":"2025-12-01T09:39:16","date_gmt":"2025-12-01T12:39:16","guid":{"rendered":"https:\/\/pos.uel.br\/direito-negocial\/?p=3786"},"modified":"2025-12-01T09:39:16","modified_gmt":"2025-12-01T12:39:16","slug":"uel-marca-presenca-no-xxxii-congresso-nacional-do-conpedi-e-no-forum-de-coordenadores-em-sao-paulo","status":"publish","type":"post","link":"https:\/\/pos.uel.br\/direito-negocial\/noticias-ppgdn\/2025\/12\/01\/uel-marca-presenca-no-xxxii-congresso-nacional-do-conpedi-e-no-forum-de-coordenadores-em-sao-paulo\/","title":{"rendered":"UEL marca presen\u00e7a no XXXII Congresso Nacional do CONPEDI e no F\u00f3rum de Coordenadores em S\u00e3o Paulo"},"content":{"rendered":"\n<p>O Programa de P\u00f3s Gradua\u00e7\u00e3o em Direito Negocial da Universidade Estadual de Londrina esteve presente no F\u00f3rum de Coordenadores, realizado em 28 de novembro de 2025, na Universidade Presbiteriana Mackenzie, em S\u00e3o Paulo.<br>O encontro reuniu pesquisadores, docentes e coordenadores de todo o pa\u00eds para debater temas centrais da p\u00f3s gradua\u00e7\u00e3o em Direito. A programa\u00e7\u00e3o come\u00e7ou com a recep\u00e7\u00e3o e o credenciamento dos participantes, seguida da abertura oficial do F\u00f3rum, que concentrou as discuss\u00f5es institucionais do evento.<br>Entre os principais assuntos pautados, destacaram se as orienta\u00e7\u00f5es referentes \u00e0 Ficha de Avalia\u00e7\u00e3o 2025 a 2028, documento que orientar\u00e1 a an\u00e1lise dos programas de p\u00f3s gradua\u00e7\u00e3o no pr\u00f3ximo quadri\u00eanio. Tamb\u00e9m foram apresentadas propostas para a cria\u00e7\u00e3o de um comit\u00ea de refer\u00eancia respons\u00e1vel pela classifica\u00e7\u00e3o de artigos cient\u00edficos, al\u00e9m da revis\u00e3o dos crit\u00e9rios de qualidade aplicados a livros, anais e produtos t\u00e9cnicos ou tecnol\u00f3gicos, com especial aten\u00e7\u00e3o aos Programas Profissionais.<br>As atividades foram encerradas com uma plen\u00e1ria, espa\u00e7o destinado \u00e0 apresenta\u00e7\u00e3o de sugest\u00f5es, ao alinhamento de entendimentos e \u00e0 constru\u00e7\u00e3o coletiva de propostas voltadas ao aprimoramento dos par\u00e2metros avaliativos da \u00e1rea. O encontro refor\u00e7ou o compromisso das institui\u00e7\u00f5es de ensino com o fortalecimento e a qualifica\u00e7\u00e3o da pesquisa jur\u00eddica no Brasil.<br>No XXXII Congresso Nacional do CONPEDI, realizado de 26 a 28 de novembro, o Programa de P\u00f3s Gradua\u00e7\u00e3o em Direito Negocial da UEL tamb\u00e9m esteve representado por diversos estudantes que apresentaram artigos cient\u00edficos, demonstrando, mais uma vez, o compromisso do programa com a produ\u00e7\u00e3o acad\u00eamica e a dissemina\u00e7\u00e3o do conhecimento.<\/p>\n\n\n\n<figure class=\"wp-block-gallery has-nested-images columns-default is-cropped wp-block-gallery-1 is-layout-flex wp-block-gallery-is-layout-flex\">\n<figure class=\"wp-block-image size-large\"><img loading=\"lazy\" decoding=\"async\" width=\"1024\" height=\"768\" data-id=\"3789\" src=\"https:\/\/pos.uel.br\/direito-negocial\/wp-content\/uploads\/2025\/12\/WhatsApp-Image-2025-12-01-at-09.13.54-1024x768.jpeg\" alt=\"\" class=\"wp-image-3789\" srcset=\"https:\/\/pos.uel.br\/direito-negocial\/wp-content\/uploads\/2025\/12\/WhatsApp-Image-2025-12-01-at-09.13.54-1024x768.jpeg 1024w, https:\/\/pos.uel.br\/direito-negocial\/wp-content\/uploads\/2025\/12\/WhatsApp-Image-2025-12-01-at-09.13.54-300x225.jpeg 300w, https:\/\/pos.uel.br\/direito-negocial\/wp-content\/uploads\/2025\/12\/WhatsApp-Image-2025-12-01-at-09.13.54-768x576.jpeg 768w, https:\/\/pos.uel.br\/direito-negocial\/wp-content\/uploads\/2025\/12\/WhatsApp-Image-2025-12-01-at-09.13.54-1536x1152.jpeg 1536w, https:\/\/pos.uel.br\/direito-negocial\/wp-content\/uploads\/2025\/12\/WhatsApp-Image-2025-12-01-at-09.13.54-2048x1536.jpeg 2048w\" sizes=\"auto, (max-width: 1024px) 100vw, 1024px\" \/><\/figure>\n\n\n\n<figure class=\"wp-block-image size-large\"><img loading=\"lazy\" decoding=\"async\" width=\"1024\" height=\"768\" data-id=\"3790\" src=\"https:\/\/pos.uel.br\/direito-negocial\/wp-content\/uploads\/2025\/12\/WhatsApp-Image-2025-12-01-at-09.13.53-1024x768.jpeg\" alt=\"\" class=\"wp-image-3790\" srcset=\"https:\/\/pos.uel.br\/direito-negocial\/wp-content\/uploads\/2025\/12\/WhatsApp-Image-2025-12-01-at-09.13.53-1024x768.jpeg 1024w, https:\/\/pos.uel.br\/direito-negocial\/wp-content\/uploads\/2025\/12\/WhatsApp-Image-2025-12-01-at-09.13.53-300x225.jpeg 300w, https:\/\/pos.uel.br\/direito-negocial\/wp-content\/uploads\/2025\/12\/WhatsApp-Image-2025-12-01-at-09.13.53-768x576.jpeg 768w, https:\/\/pos.uel.br\/direito-negocial\/wp-content\/uploads\/2025\/12\/WhatsApp-Image-2025-12-01-at-09.13.53-1536x1152.jpeg 1536w, https:\/\/pos.uel.br\/direito-negocial\/wp-content\/uploads\/2025\/12\/WhatsApp-Image-2025-12-01-at-09.13.53-2048x1536.jpeg 2048w\" sizes=\"auto, (max-width: 1024px) 100vw, 1024px\" \/><\/figure>\n<\/figure>\n\n\n\n<p><\/p>\n","protected":false},"excerpt":{"rendered":"<p>O Programa de P\u00f3s Gradua\u00e7\u00e3o em Direito Negocial da Universidade Estadual de Londrina esteve presente no F\u00f3rum de Coordenadores, realizado em 28 de novembro de 2025, na Universidade Presbiteriana Mackenzie, em S\u00e3o Paulo.O encontro reuniu pesquisadores, docentes e coordenadores de todo o pa\u00eds para debater temas centrais da p\u00f3s gradua\u00e7\u00e3o em Direito. A programa\u00e7\u00e3o come\u00e7ou [&hellip;]<\/p>\n","protected":false},"author":14,"featured_media":3790,"comment_status":"open","ping_status":"open","sticky":false,"template":"","format":"standard","meta":{"_acf_changed":false,"footnotes":""},"categories":[30,12],"tags":[],"class_list":["post-3786","post","type-post","status-publish","format-standard","has-post-thumbnail","hentry","category-eventos","category-noticias-ppgdn"],"acf":[],"_links":{"self":[{"href":"https:\/\/pos.uel.br\/direito-negocial\/wp-json\/wp\/v2\/posts\/3786","targetHints":{"allow":["GET"]}}],"collection":[{"href":"https:\/\/pos.uel.br\/direito-negocial\/wp-json\/wp\/v2\/posts"}],"about":[{"href":"https:\/\/pos.uel.br\/direito-negocial\/wp-json\/wp\/v2\/types\/post"}],"author":[{"embeddable":true,"href":"https:\/\/pos.uel.br\/direito-negocial\/wp-json\/wp\/v2\/users\/14"}],"replies":[{"embeddable":true,"href":"https:\/\/pos.uel.br\/direito-negocial\/wp-json\/wp\/v2\/comments?post=3786"}],"version-history":[{"count":1,"href":"https:\/\/pos.uel.br\/direito-negocial\/wp-json\/wp\/v2\/posts\/3786\/revisions"}],"predecessor-version":[{"id":3793,"href":"https:\/\/pos.uel.br\/direito-negocial\/wp-json\/wp\/v2\/posts\/3786\/revisions\/3793"}],"wp:featuredmedia":[{"embeddable":true,"href":"https:\/\/pos.uel.br\/direito-negocial\/wp-json\/wp\/v2\/media\/3790"}],"wp:attachment":[{"href":"https:\/\/pos.uel.br\/direito-negocial\/wp-json\/wp\/v2\/media?parent=3786"}],"wp:term":[{"taxonomy":"category","embeddable":true,"href":"https:\/\/pos.uel.br\/direito-negocial\/wp-json\/wp\/v2\/categories?post=3786"},{"taxonomy":"post_tag","embeddable":true,"href":"https:\/\/pos.uel.br\/direito-negocial\/wp-json\/wp\/v2\/tags?post=3786"}],"curies":[{"name":"wp","href":"https:\/\/api.w.org\/{rel}","templated":true}]}}