{"id":3776,"date":"2025-11-26T17:28:59","date_gmt":"2025-11-26T20:28:59","guid":{"rendered":"https:\/\/pos.uel.br\/direito-negocial\/?p=3776"},"modified":"2025-11-26T17:30:24","modified_gmt":"2025-11-26T20:30:24","slug":"3776","status":"publish","type":"post","link":"https:\/\/pos.uel.br\/direito-negocial\/sem-categoria\/2025\/11\/26\/3776\/","title":{"rendered":"Mestrando em Direito Negocial pela UEL participa do 1\u00ba Encontro de Estudos em Direito do Trabalho (EEDIT) da FGV Direito\/SP"},"content":{"rendered":"\n<p>Em 23 de Outubro (quinta-feira), o mestrando Lucas Matheus Alves participou do 1\u00ba Encontro de Estudos em Direito do Trabalho (EEDIT), realizado em S\u00e3o Paulo\/SP, no Audit\u00f3rio FGV Direito\/SP.<\/p>\n\n\n\n<p>O evento foi promovido pela FGV Direito de S\u00e3o Paulo\/SP, com apoio da CAPES, cujo objetivo foi discutir as quest\u00f5es atuais que permeiam o Direito do Trabalho, estimulando a articula\u00e7\u00e3o entre pesquisadores e professores, com a finalidade de tratar o tema, sobretudo, com base em pesquisa emp\u00edrica, fundamentado em evid\u00eancias.<\/p>\n\n\n\n<p>Al\u00e9m da participa\u00e7\u00e3o no evento, e fruto da pesquisa desenvolvida, o mestrando Lucas Matheus Alves e seu orientador Dr. Lourival Jos\u00e9 de Oliveira, publicaram o trabalho de tema \u201cO CONFLITO ACERCA DA COMPET\u00caNCIA DA JUSTI\u00c7A DO TRABALHO E AS DIFICULDADES QUE EST\u00c3O SENDO CRIADAS PARA O TRABALHADOR NO ACESSO \u00c0 JUSTI\u00c7A\u201d, na obra conjunta de t\u00edtulo: \u201cVULNERABILIDADES, MOBILIZA\u00c7\u00c3O DO DIREITO E ACESSO \u00c0 JUSTI\u00c7A\u201d, publicado pela Pedro &amp; Jo\u00e3o Editores, com organiza\u00e7\u00e3o de Tha\u00eds Amoroso Paschoal e Agnaldo de Sousa Barbosa, com apoio da CAPES.<\/p>\n\n\n\n<p>A participa\u00e7\u00e3o no evento e a publica\u00e7\u00e3o do trabalho na obra representam o compromisso do PPGDN em contribuir efetivamente com a discuss\u00e3o e a constru\u00e7\u00e3o de solu\u00e7\u00f5es de temas sens\u00edveis e de extrema import\u00e2ncia, como o Direito do Trabalho.<\/p>\n\n\n\n<figure class=\"wp-block-gallery has-nested-images columns-default is-cropped wp-block-gallery-1 is-layout-flex wp-block-gallery-is-layout-flex\">\n<figure class=\"wp-block-image size-large\"><img loading=\"lazy\" decoding=\"async\" width=\"772\" height=\"1024\" data-id=\"3774\" src=\"https:\/\/pos.uel.br\/direito-negocial\/wp-content\/uploads\/2025\/11\/Captura-de-Tela-2025-11-26-a\u0300s-15.46.36-772x1024.png\" alt=\"\" class=\"wp-image-3774\" srcset=\"https:\/\/pos.uel.br\/direito-negocial\/wp-content\/uploads\/2025\/11\/Captura-de-Tela-2025-11-26-a\u0300s-15.46.36-772x1024.png 772w, https:\/\/pos.uel.br\/direito-negocial\/wp-content\/uploads\/2025\/11\/Captura-de-Tela-2025-11-26-a\u0300s-15.46.36-226x300.png 226w, https:\/\/pos.uel.br\/direito-negocial\/wp-content\/uploads\/2025\/11\/Captura-de-Tela-2025-11-26-a\u0300s-15.46.36-768x1019.png 768w, https:\/\/pos.uel.br\/direito-negocial\/wp-content\/uploads\/2025\/11\/Captura-de-Tela-2025-11-26-a\u0300s-15.46.36.png 808w\" sizes=\"auto, (max-width: 772px) 100vw, 772px\" \/><\/figure>\n\n\n\n<figure class=\"wp-block-image size-large\"><img loading=\"lazy\" decoding=\"async\" width=\"768\" height=\"1024\" data-id=\"3778\" src=\"https:\/\/pos.uel.br\/direito-negocial\/wp-content\/uploads\/2025\/11\/WhatsApp-Image-2025-11-25-at-11.54.22-1-768x1024.jpeg\" alt=\"\" class=\"wp-image-3778\" srcset=\"https:\/\/pos.uel.br\/direito-negocial\/wp-content\/uploads\/2025\/11\/WhatsApp-Image-2025-11-25-at-11.54.22-1-768x1024.jpeg 768w, https:\/\/pos.uel.br\/direito-negocial\/wp-content\/uploads\/2025\/11\/WhatsApp-Image-2025-11-25-at-11.54.22-1-225x300.jpeg 225w, https:\/\/pos.uel.br\/direito-negocial\/wp-content\/uploads\/2025\/11\/WhatsApp-Image-2025-11-25-at-11.54.22-1-1152x1536.jpeg 1152w, https:\/\/pos.uel.br\/direito-negocial\/wp-content\/uploads\/2025\/11\/WhatsApp-Image-2025-11-25-at-11.54.22-1.jpeg 1200w\" sizes=\"auto, (max-width: 768px) 100vw, 768px\" \/><\/figure>\n<\/figure>\n","protected":false},"excerpt":{"rendered":"<p>Em 23 de Outubro (quinta-feira), o mestrando Lucas Matheus Alves participou do 1\u00ba Encontro de Estudos em Direito do Trabalho (EEDIT), realizado em S\u00e3o Paulo\/SP, no Audit\u00f3rio FGV Direito\/SP. O evento foi promovido pela FGV Direito de S\u00e3o Paulo\/SP, com apoio da CAPES, cujo objetivo foi discutir as quest\u00f5es atuais que permeiam o Direito do [&hellip;]<\/p>\n","protected":false},"author":32,"featured_media":3778,"comment_status":"open","ping_status":"open","sticky":false,"template":"","format":"standard","meta":{"_acf_changed":false,"footnotes":""},"categories":[1],"tags":[],"class_list":["post-3776","post","type-post","status-publish","format-standard","has-post-thumbnail","hentry","category-sem-categoria"],"acf":[],"_links":{"self":[{"href":"https:\/\/pos.uel.br\/direito-negocial\/wp-json\/wp\/v2\/posts\/3776","targetHints":{"allow":["GET"]}}],"collection":[{"href":"https:\/\/pos.uel.br\/direito-negocial\/wp-json\/wp\/v2\/posts"}],"about":[{"href":"https:\/\/pos.uel.br\/direito-negocial\/wp-json\/wp\/v2\/types\/post"}],"author":[{"embeddable":true,"href":"https:\/\/pos.uel.br\/direito-negocial\/wp-json\/wp\/v2\/users\/32"}],"replies":[{"embeddable":true,"href":"https:\/\/pos.uel.br\/direito-negocial\/wp-json\/wp\/v2\/comments?post=3776"}],"version-history":[{"count":5,"href":"https:\/\/pos.uel.br\/direito-negocial\/wp-json\/wp\/v2\/posts\/3776\/revisions"}],"predecessor-version":[{"id":3783,"href":"https:\/\/pos.uel.br\/direito-negocial\/wp-json\/wp\/v2\/posts\/3776\/revisions\/3783"}],"wp:featuredmedia":[{"embeddable":true,"href":"https:\/\/pos.uel.br\/direito-negocial\/wp-json\/wp\/v2\/media\/3778"}],"wp:attachment":[{"href":"https:\/\/pos.uel.br\/direito-negocial\/wp-json\/wp\/v2\/media?parent=3776"}],"wp:term":[{"taxonomy":"category","embeddable":true,"href":"https:\/\/pos.uel.br\/direito-negocial\/wp-json\/wp\/v2\/categories?post=3776"},{"taxonomy":"post_tag","embeddable":true,"href":"https:\/\/pos.uel.br\/direito-negocial\/wp-json\/wp\/v2\/tags?post=3776"}],"curies":[{"name":"wp","href":"https:\/\/api.w.org\/{rel}","templated":true}]}}