{"id":3737,"date":"2025-11-19T13:47:48","date_gmt":"2025-11-19T16:47:48","guid":{"rendered":"https:\/\/pos.uel.br\/direito-negocial\/?p=3737"},"modified":"2025-11-19T13:47:48","modified_gmt":"2025-11-19T16:47:48","slug":"homenagem-ao-prof-dr-gilvan-hansen-pelos-40-anos-de-magisterio-e-60-anos-de-vida","status":"publish","type":"post","link":"https:\/\/pos.uel.br\/direito-negocial\/sem-categoria\/2025\/11\/19\/homenagem-ao-prof-dr-gilvan-hansen-pelos-40-anos-de-magisterio-e-60-anos-de-vida\/","title":{"rendered":"Homenagem ao Prof. Dr. Gilvan Hansen pelos 40 anos de magist\u00e9rio e 60 anos de vida"},"content":{"rendered":"\n<p>Durante o evento Di\u00e1logos Filos\u00f3ficos e Jur\u00eddicos, realizado nos dias 13 e 14 de novembro de 2025, o Prof. Dr. Gilvan Hansen recebeu uma emocionante homenagem em reconhecimento aos seus 40 anos de dedica\u00e7\u00e3o ao magist\u00e9rio superior e \u00e0 celebra\u00e7\u00e3o de seus 60 anos de vida.<\/p>\n\n\n\n<p>Na ocasi\u00e3o, o professor foi agraciado com um festschrift, obra coletiva escrita por amigos, alunos, colegas e familiares, que registram sua trajet\u00f3ria acad\u00eamica exemplar e sua relev\u00e2ncia intelectual. A publica\u00e7\u00e3o ressalta n\u00e3o apenas a profundidade de suas contribui\u00e7\u00f5es te\u00f3ricas, mas tamb\u00e9m o impacto humano e formativo que Gilvan exerce sobre gera\u00e7\u00f5es de estudantes e pesquisadores.<\/p>\n\n\n\n<p>Na Universidade Estadual de Londrina, o Prof. Gilvan teve papel fundamental na reabertura da p\u00f3s-gradua\u00e7\u00e3o em Filosofia, al\u00e9m de atuar no curso de gradua\u00e7\u00e3o, contribuindo de forma decisiva para o fortalecimento da pesquisa e do pensamento cr\u00edtico na institui\u00e7\u00e3o.<\/p>\n\n\n\n<p>Seu legado se estende muito al\u00e9m das fronteiras da UEL. Gilvan destaca-se por sua postura colaborativa, sua lideran\u00e7a intelectual e sua participa\u00e7\u00e3o ativa na forma\u00e7\u00e3o de pesquisadores, tendo coordenado diversos grupos de pesquisa com reflexos tanto nacionais quanto internacionais. Sua influ\u00eancia acad\u00eamica est\u00e1 presente nos in\u00fameros trabalhos orientados, nos projetos conduzidos e na s\u00f3lida rede de estudiosos que ajudou a formar.<\/p>\n\n\n\n<p>Al\u00e9m do livro comemorativo, o professor recebeu uma placa de reconhecimento, entregue por seus alunos \u2014 carinhosamente chamados de \u201cgilvanianos\u201d(Eder Fernandes Monica) \u2014, simbolizando a admira\u00e7\u00e3o, o respeito e a gratid\u00e3o por tudo que representa enquanto professor, pesquisador e ser humano.<\/p>\n\n\n\n<p>A UEL celebra, com honra, a trajet\u00f3ria brilhante do Prof. Dr. Gilvan Hansen e agradece por sua contribui\u00e7\u00e3o inestim\u00e1vel ao desenvolvimento do pensamento filos\u00f3fico e da pesquisa no Brasil.<\/p>\n\n\n\n<figure class=\"wp-block-image size-full is-resized\"><img loading=\"lazy\" decoding=\"async\" width=\"770\" height=\"670\" src=\"https:\/\/pos.uel.br\/direito-negocial\/wp-content\/uploads\/2025\/11\/Captura-de-Tela-2025-11-17-a\u0300s-11.11.15.png\" alt=\"\" class=\"wp-image-3710\" style=\"width:481px;height:auto\" srcset=\"https:\/\/pos.uel.br\/direito-negocial\/wp-content\/uploads\/2025\/11\/Captura-de-Tela-2025-11-17-a\u0300s-11.11.15.png 770w, https:\/\/pos.uel.br\/direito-negocial\/wp-content\/uploads\/2025\/11\/Captura-de-Tela-2025-11-17-a\u0300s-11.11.15-300x261.png 300w, https:\/\/pos.uel.br\/direito-negocial\/wp-content\/uploads\/2025\/11\/Captura-de-Tela-2025-11-17-a\u0300s-11.11.15-768x668.png 768w\" sizes=\"auto, (max-width: 770px) 100vw, 770px\" \/><\/figure>\n\n\n\n<figure class=\"wp-block-image size-full is-resized\"><img loading=\"lazy\" decoding=\"async\" width=\"738\" height=\"778\" src=\"https:\/\/pos.uel.br\/direito-negocial\/wp-content\/uploads\/2025\/11\/Captura-de-Tela-2025-11-17-a\u0300s-11.16.23.png\" alt=\"\" class=\"wp-image-3714\" style=\"width:481px;height:auto\" srcset=\"https:\/\/pos.uel.br\/direito-negocial\/wp-content\/uploads\/2025\/11\/Captura-de-Tela-2025-11-17-a\u0300s-11.16.23.png 738w, https:\/\/pos.uel.br\/direito-negocial\/wp-content\/uploads\/2025\/11\/Captura-de-Tela-2025-11-17-a\u0300s-11.16.23-285x300.png 285w\" sizes=\"auto, (max-width: 738px) 100vw, 738px\" \/><\/figure>\n\n\n\n<figure class=\"wp-block-image size-large is-resized\"><img loading=\"lazy\" decoding=\"async\" width=\"882\" height=\"1024\" src=\"https:\/\/pos.uel.br\/direito-negocial\/wp-content\/uploads\/2025\/11\/Captura-de-Tela-2025-11-19-a\u0300s-13.46.47-882x1024.png\" alt=\"\" class=\"wp-image-3739\" style=\"width:486px;height:auto\" srcset=\"https:\/\/pos.uel.br\/direito-negocial\/wp-content\/uploads\/2025\/11\/Captura-de-Tela-2025-11-19-a\u0300s-13.46.47-882x1024.png 882w, https:\/\/pos.uel.br\/direito-negocial\/wp-content\/uploads\/2025\/11\/Captura-de-Tela-2025-11-19-a\u0300s-13.46.47-258x300.png 258w, https:\/\/pos.uel.br\/direito-negocial\/wp-content\/uploads\/2025\/11\/Captura-de-Tela-2025-11-19-a\u0300s-13.46.47-768x892.png 768w, https:\/\/pos.uel.br\/direito-negocial\/wp-content\/uploads\/2025\/11\/Captura-de-Tela-2025-11-19-a\u0300s-13.46.47.png 920w\" sizes=\"auto, (max-width: 882px) 100vw, 882px\" \/><\/figure>\n","protected":false},"excerpt":{"rendered":"<p>Durante o evento Di\u00e1logos Filos\u00f3ficos e Jur\u00eddicos, realizado nos dias 13 e 14 de novembro de 2025, o Prof. Dr. Gilvan Hansen recebeu uma emocionante homenagem em reconhecimento aos seus 40 anos de dedica\u00e7\u00e3o ao magist\u00e9rio superior e \u00e0 celebra\u00e7\u00e3o de seus 60 anos de vida. Na ocasi\u00e3o, o professor foi agraciado com um festschrift, [&hellip;]<\/p>\n","protected":false},"author":9,"featured_media":3710,"comment_status":"open","ping_status":"open","sticky":false,"template":"","format":"standard","meta":{"_acf_changed":false,"footnotes":""},"categories":[1],"tags":[],"class_list":["post-3737","post","type-post","status-publish","format-standard","has-post-thumbnail","hentry","category-sem-categoria"],"acf":[],"_links":{"self":[{"href":"https:\/\/pos.uel.br\/direito-negocial\/wp-json\/wp\/v2\/posts\/3737","targetHints":{"allow":["GET"]}}],"collection":[{"href":"https:\/\/pos.uel.br\/direito-negocial\/wp-json\/wp\/v2\/posts"}],"about":[{"href":"https:\/\/pos.uel.br\/direito-negocial\/wp-json\/wp\/v2\/types\/post"}],"author":[{"embeddable":true,"href":"https:\/\/pos.uel.br\/direito-negocial\/wp-json\/wp\/v2\/users\/9"}],"replies":[{"embeddable":true,"href":"https:\/\/pos.uel.br\/direito-negocial\/wp-json\/wp\/v2\/comments?post=3737"}],"version-history":[{"count":1,"href":"https:\/\/pos.uel.br\/direito-negocial\/wp-json\/wp\/v2\/posts\/3737\/revisions"}],"predecessor-version":[{"id":3740,"href":"https:\/\/pos.uel.br\/direito-negocial\/wp-json\/wp\/v2\/posts\/3737\/revisions\/3740"}],"wp:featuredmedia":[{"embeddable":true,"href":"https:\/\/pos.uel.br\/direito-negocial\/wp-json\/wp\/v2\/media\/3710"}],"wp:attachment":[{"href":"https:\/\/pos.uel.br\/direito-negocial\/wp-json\/wp\/v2\/media?parent=3737"}],"wp:term":[{"taxonomy":"category","embeddable":true,"href":"https:\/\/pos.uel.br\/direito-negocial\/wp-json\/wp\/v2\/categories?post=3737"},{"taxonomy":"post_tag","embeddable":true,"href":"https:\/\/pos.uel.br\/direito-negocial\/wp-json\/wp\/v2\/tags?post=3737"}],"curies":[{"name":"wp","href":"https:\/\/api.w.org\/{rel}","templated":true}]}}