{"id":3731,"date":"2025-11-19T11:49:01","date_gmt":"2025-11-19T14:49:01","guid":{"rendered":"https:\/\/pos.uel.br\/direito-negocial\/?p=3731"},"modified":"2025-11-19T11:49:01","modified_gmt":"2025-11-19T14:49:01","slug":"professor-marcelo-varella-discute-internacionalizacao-do-direito-no-ppgdn-uel","status":"publish","type":"post","link":"https:\/\/pos.uel.br\/direito-negocial\/sem-categoria\/2025\/11\/19\/professor-marcelo-varella-discute-internacionalizacao-do-direito-no-ppgdn-uel\/","title":{"rendered":"Professor Marcelo Varella discute internacionaliza\u00e7\u00e3o do Direito no PPGDN\/UEL"},"content":{"rendered":"\n<p>O Programa de P\u00f3s-Gradua\u00e7\u00e3o em Direito Negocial da Universidade Estadual de Londrina recebeu, na manh\u00e3 de hoje, o <strong>Prof. Dr. Marcelo Varella<\/strong> para uma participa\u00e7\u00e3o especial na disciplina <strong>Estado e Economia na Contemporaneidade<\/strong>, ministrada pelos professores <strong>Dr. Elve Miguel Cenci, Dra. T\u00e2nia Lobo Muniz e Dra. Patricia Ayub da Costa<\/strong>.<\/p>\n\n\n\n<p>Durante sua exposi\u00e7\u00e3o, o professor abordou <strong>aspectos centrais da internacionaliza\u00e7\u00e3o do Direito<\/strong>, destacando como a expans\u00e3o das rela\u00e7\u00f5es globais, a circula\u00e7\u00e3o de normas e a atua\u00e7\u00e3o de diversos atores t\u00eam transformado a compreens\u00e3o jur\u00eddica tradicional. Varella apresentou reflex\u00f5es sobre os desafios e as din\u00e2micas contempor\u00e2neas que influenciam o Direito em um cen\u00e1rio marcado pela globaliza\u00e7\u00e3o, pela interdepend\u00eancia entre Estados e pela crescente complexidade das estruturas normativas.<\/p>\n\n\n<div class=\"wp-block-image\">\n<figure class=\"aligncenter size-large\"><img loading=\"lazy\" decoding=\"async\" width=\"1024\" height=\"406\" src=\"https:\/\/pos.uel.br\/direito-negocial\/wp-content\/uploads\/2025\/11\/WhatsApp-Image-2025-11-19-at-11.23.20-1024x406.jpeg\" alt=\"\" class=\"wp-image-3732\" srcset=\"https:\/\/pos.uel.br\/direito-negocial\/wp-content\/uploads\/2025\/11\/WhatsApp-Image-2025-11-19-at-11.23.20-1024x406.jpeg 1024w, https:\/\/pos.uel.br\/direito-negocial\/wp-content\/uploads\/2025\/11\/WhatsApp-Image-2025-11-19-at-11.23.20-300x119.jpeg 300w, https:\/\/pos.uel.br\/direito-negocial\/wp-content\/uploads\/2025\/11\/WhatsApp-Image-2025-11-19-at-11.23.20-768x304.jpeg 768w, https:\/\/pos.uel.br\/direito-negocial\/wp-content\/uploads\/2025\/11\/WhatsApp-Image-2025-11-19-at-11.23.20-1536x609.jpeg 1536w, https:\/\/pos.uel.br\/direito-negocial\/wp-content\/uploads\/2025\/11\/WhatsApp-Image-2025-11-19-at-11.23.20.jpeg 1600w\" sizes=\"auto, (max-width: 1024px) 100vw, 1024px\" \/><\/figure>\n<\/div>\n\n<div class=\"wp-block-image\">\n<figure class=\"aligncenter size-large\"><img loading=\"lazy\" decoding=\"async\" width=\"1024\" height=\"305\" src=\"https:\/\/pos.uel.br\/direito-negocial\/wp-content\/uploads\/2025\/11\/WhatsApp-Image-2025-11-19-at-11.23.20-1-1-1024x305.jpeg\" alt=\"\" class=\"wp-image-3734\" srcset=\"https:\/\/pos.uel.br\/direito-negocial\/wp-content\/uploads\/2025\/11\/WhatsApp-Image-2025-11-19-at-11.23.20-1-1-1024x305.jpeg 1024w, https:\/\/pos.uel.br\/direito-negocial\/wp-content\/uploads\/2025\/11\/WhatsApp-Image-2025-11-19-at-11.23.20-1-1-300x89.jpeg 300w, https:\/\/pos.uel.br\/direito-negocial\/wp-content\/uploads\/2025\/11\/WhatsApp-Image-2025-11-19-at-11.23.20-1-1-768x229.jpeg 768w, https:\/\/pos.uel.br\/direito-negocial\/wp-content\/uploads\/2025\/11\/WhatsApp-Image-2025-11-19-at-11.23.20-1-1.jpeg 1280w\" sizes=\"auto, (max-width: 1024px) 100vw, 1024px\" \/><\/figure>\n<\/div>\n\n\n<p>A participa\u00e7\u00e3o do Prof. Marcelo Varella refor\u00e7ou o compromisso do PPGDN\/UEL com a promo\u00e7\u00e3o de debates contempor\u00e2neos e interdisciplin\u00e1rios, contribuindo significativamente para a forma\u00e7\u00e3o cr\u00edtica dos estudantes e para o aprofundamento das discuss\u00f5es sobre o papel do Direito em um mundo globalizado.<\/p>\n\n\n\n<p><\/p>\n","protected":false},"excerpt":{"rendered":"<p>O Programa de P\u00f3s-Gradua\u00e7\u00e3o em Direito Negocial da Universidade Estadual de Londrina recebeu, na manh\u00e3 de hoje, o Prof. Dr. Marcelo Varella para uma participa\u00e7\u00e3o especial na disciplina Estado e Economia na Contemporaneidade, ministrada pelos professores Dr. Elve Miguel Cenci, Dra. T\u00e2nia Lobo Muniz e Dra. Patricia Ayub da Costa. Durante sua exposi\u00e7\u00e3o, o professor [&hellip;]<\/p>\n","protected":false},"author":14,"featured_media":3733,"comment_status":"open","ping_status":"open","sticky":false,"template":"","format":"standard","meta":{"_acf_changed":false,"footnotes":""},"categories":[1],"tags":[],"class_list":["post-3731","post","type-post","status-publish","format-standard","has-post-thumbnail","hentry","category-sem-categoria"],"acf":[],"_links":{"self":[{"href":"https:\/\/pos.uel.br\/direito-negocial\/wp-json\/wp\/v2\/posts\/3731","targetHints":{"allow":["GET"]}}],"collection":[{"href":"https:\/\/pos.uel.br\/direito-negocial\/wp-json\/wp\/v2\/posts"}],"about":[{"href":"https:\/\/pos.uel.br\/direito-negocial\/wp-json\/wp\/v2\/types\/post"}],"author":[{"embeddable":true,"href":"https:\/\/pos.uel.br\/direito-negocial\/wp-json\/wp\/v2\/users\/14"}],"replies":[{"embeddable":true,"href":"https:\/\/pos.uel.br\/direito-negocial\/wp-json\/wp\/v2\/comments?post=3731"}],"version-history":[{"count":1,"href":"https:\/\/pos.uel.br\/direito-negocial\/wp-json\/wp\/v2\/posts\/3731\/revisions"}],"predecessor-version":[{"id":3735,"href":"https:\/\/pos.uel.br\/direito-negocial\/wp-json\/wp\/v2\/posts\/3731\/revisions\/3735"}],"wp:featuredmedia":[{"embeddable":true,"href":"https:\/\/pos.uel.br\/direito-negocial\/wp-json\/wp\/v2\/media\/3733"}],"wp:attachment":[{"href":"https:\/\/pos.uel.br\/direito-negocial\/wp-json\/wp\/v2\/media?parent=3731"}],"wp:term":[{"taxonomy":"category","embeddable":true,"href":"https:\/\/pos.uel.br\/direito-negocial\/wp-json\/wp\/v2\/categories?post=3731"},{"taxonomy":"post_tag","embeddable":true,"href":"https:\/\/pos.uel.br\/direito-negocial\/wp-json\/wp\/v2\/tags?post=3731"}],"curies":[{"name":"wp","href":"https:\/\/api.w.org\/{rel}","templated":true}]}}