{"id":3728,"date":"2025-11-19T11:28:59","date_gmt":"2025-11-19T14:28:59","guid":{"rendered":"https:\/\/pos.uel.br\/direito-negocial\/?p=3728"},"modified":"2025-11-19T11:30:49","modified_gmt":"2025-11-19T14:30:49","slug":"professor-eder-van-pelt-retorna-a-uel-para-debater-desafios-do-direito-digital-e-lancar-novo-livro","status":"publish","type":"post","link":"https:\/\/pos.uel.br\/direito-negocial\/sem-categoria\/2025\/11\/19\/professor-eder-van-pelt-retorna-a-uel-para-debater-desafios-do-direito-digital-e-lancar-novo-livro\/","title":{"rendered":"Professor Eder Van Pelt retorna \u00e0 UEL para debater desafios do Direito Digital e lan\u00e7ar novo livro"},"content":{"rendered":"\n<p>O Programa de P\u00f3s-Gradua\u00e7\u00e3o em Direito Negocial (PPGDN) da Universidade Estadual de Londrina recebeu, nesta semana, o professor <strong>Eder Van Pelt<\/strong>, egresso da institui\u00e7\u00e3o e atualmente docente da Faculdade de Direito e do Programa de P\u00f3s-Gradua\u00e7\u00e3o em Sociologia e Direito da Universidade Federal Fluminense. O pesquisador retornou \u00e0 UEL para participar da 15\u00aa edi\u00e7\u00e3o dos <strong>Di\u00e1logos Filos\u00f3ficos e Jur\u00eddicos<\/strong>, onde apresentou reflex\u00f5es sobre os impactos das tecnologias digitais na sociedade contempor\u00e2nea.<\/p>\n\n\n\n<p>Durante o evento, Van Pelt ministrou a palestra <strong>\u201cSujei\u00e7\u00f5es digitais: do humano \u00e0 intelig\u00eancia artificial e os desafios sociojur\u00eddicos\u201d<\/strong>, explorando como a crescente integra\u00e7\u00e3o entre pessoas, plataformas digitais e sistemas de intelig\u00eancia artificial redefine no\u00e7\u00f5es cl\u00e1ssicas de liberdade, autonomia e identidade.<\/p>\n\n\n\n<p>Na ocasi\u00e3o, o professor tamb\u00e9m lan\u00e7ou seu novo livro, <strong>\u201cSujeito de Direito Digital\u201d<\/strong>, resultado de sua segunda tese de doutorado. A obra prop\u00f5e uma an\u00e1lise aprofundada sobre o papel do indiv\u00edduo no ambiente digital e discute como o Direito contempor\u00e2neo pode responder \u00e0s transforma\u00e7\u00f5es tecnol\u00f3gicas que atravessam rela\u00e7\u00f5es sociais, econ\u00f4micas e pol\u00edticas.<\/p>\n\n\n\n<p>Com abordagem interdisciplinar, o estudo examina como estruturas de poder, din\u00e2micas de mercado e pr\u00e1ticas sociais moldam a identidade digital dos cidad\u00e3os. O autor defende ainda a necessidade de um <strong>sistema pol\u00edtico e jur\u00eddico transnacional<\/strong>, capaz de enfrentar limita\u00e7\u00f5es regulat\u00f3rias atuais e promover condi\u00e7\u00f5es efetivas para o exerc\u00edcio da liberdade no mundo digital.<\/p>\n\n\n\n<p>Considerada uma contribui\u00e7\u00e3o relevante ao debate sobre Direito Digital e sociedade da informa\u00e7\u00e3o, a obra j\u00e1 est\u00e1 dispon\u00edvel para aquisi\u00e7\u00e3o pelo p\u00fablico interessado.<\/p>\n\n\n<div class=\"wp-block-image\">\n<figure class=\"aligncenter size-large is-resized\"><img loading=\"lazy\" decoding=\"async\" width=\"715\" height=\"1024\" src=\"https:\/\/pos.uel.br\/direito-negocial\/wp-content\/uploads\/2025\/11\/images-715x1024.jpg\" alt=\"\" class=\"wp-image-3729\" style=\"width:494px;height:auto\" srcset=\"https:\/\/pos.uel.br\/direito-negocial\/wp-content\/uploads\/2025\/11\/images-715x1024.jpg 715w, https:\/\/pos.uel.br\/direito-negocial\/wp-content\/uploads\/2025\/11\/images-209x300.jpg 209w, https:\/\/pos.uel.br\/direito-negocial\/wp-content\/uploads\/2025\/11\/images.jpg 754w\" sizes=\"auto, (max-width: 715px) 100vw, 715px\" \/><\/figure>\n<\/div>\n\n\n<p>A obra pode ser adquirida em:<\/p>\n\n\n\n<div class=\"wp-block-buttons is-layout-flex wp-block-buttons-is-layout-flex\">\n<div class=\"wp-block-button\"><a class=\"wp-block-button__link wp-element-button\" href=\"https:\/\/www.edervanpelt.com\/livros\/sujeito-de-direito-digital\">Sujeito de direito digital<\/a><\/div>\n<\/div>\n\n\n\n<p><\/p>\n","protected":false},"excerpt":{"rendered":"<p>O Programa de P\u00f3s-Gradua\u00e7\u00e3o em Direito Negocial (PPGDN) da Universidade Estadual de Londrina recebeu, nesta semana, o professor Eder Van Pelt, egresso da institui\u00e7\u00e3o e atualmente docente da Faculdade de Direito e do Programa de P\u00f3s-Gradua\u00e7\u00e3o em Sociologia e Direito da Universidade Federal Fluminense. O pesquisador retornou \u00e0 UEL para participar da 15\u00aa edi\u00e7\u00e3o dos [&hellip;]<\/p>\n","protected":false},"author":14,"featured_media":3729,"comment_status":"open","ping_status":"open","sticky":false,"template":"","format":"standard","meta":{"_acf_changed":false,"footnotes":""},"categories":[1],"tags":[],"class_list":["post-3728","post","type-post","status-publish","format-standard","has-post-thumbnail","hentry","category-sem-categoria"],"acf":[],"_links":{"self":[{"href":"https:\/\/pos.uel.br\/direito-negocial\/wp-json\/wp\/v2\/posts\/3728","targetHints":{"allow":["GET"]}}],"collection":[{"href":"https:\/\/pos.uel.br\/direito-negocial\/wp-json\/wp\/v2\/posts"}],"about":[{"href":"https:\/\/pos.uel.br\/direito-negocial\/wp-json\/wp\/v2\/types\/post"}],"author":[{"embeddable":true,"href":"https:\/\/pos.uel.br\/direito-negocial\/wp-json\/wp\/v2\/users\/14"}],"replies":[{"embeddable":true,"href":"https:\/\/pos.uel.br\/direito-negocial\/wp-json\/wp\/v2\/comments?post=3728"}],"version-history":[{"count":1,"href":"https:\/\/pos.uel.br\/direito-negocial\/wp-json\/wp\/v2\/posts\/3728\/revisions"}],"predecessor-version":[{"id":3730,"href":"https:\/\/pos.uel.br\/direito-negocial\/wp-json\/wp\/v2\/posts\/3728\/revisions\/3730"}],"wp:featuredmedia":[{"embeddable":true,"href":"https:\/\/pos.uel.br\/direito-negocial\/wp-json\/wp\/v2\/media\/3729"}],"wp:attachment":[{"href":"https:\/\/pos.uel.br\/direito-negocial\/wp-json\/wp\/v2\/media?parent=3728"}],"wp:term":[{"taxonomy":"category","embeddable":true,"href":"https:\/\/pos.uel.br\/direito-negocial\/wp-json\/wp\/v2\/categories?post=3728"},{"taxonomy":"post_tag","embeddable":true,"href":"https:\/\/pos.uel.br\/direito-negocial\/wp-json\/wp\/v2\/tags?post=3728"}],"curies":[{"name":"wp","href":"https:\/\/api.w.org\/{rel}","templated":true}]}}