{"id":3708,"date":"2025-11-17T11:26:22","date_gmt":"2025-11-17T14:26:22","guid":{"rendered":"https:\/\/pos.uel.br\/direito-negocial\/?p=3708"},"modified":"2025-11-17T11:26:22","modified_gmt":"2025-11-17T14:26:22","slug":"uel-realiza-o-xv-dialogos-filosoficos-e-juridicos-e-fortalece-parcerias-academicas-nacionais-e-internacionais","status":"publish","type":"post","link":"https:\/\/pos.uel.br\/direito-negocial\/sem-categoria\/2025\/11\/17\/uel-realiza-o-xv-dialogos-filosoficos-e-juridicos-e-fortalece-parcerias-academicas-nacionais-e-internacionais\/","title":{"rendered":"UEL realiza o XV \u201cDi\u00e1logos Filos\u00f3ficos e Jur\u00eddicos\u201d e fortalece parcerias acad\u00eamicas nacionais e internacionais"},"content":{"rendered":"\n<p>Nos dias 13 e 14 de novembro de 2025, o programa de p\u00f3s gradua\u00e7\u00e3o em direito Negocial e a Especializa\u00e7\u00e3o em filosofia pol\u00edtica e Jur\u00eddica da Universidade Estadual de Londrina promoveram mais uma edi\u00e7\u00e3o do evento Di\u00e1logos Filos\u00f3ficos e Jur\u00eddicos, reafirmando o compromisso com a integra\u00e7\u00e3o acad\u00eamica e a produ\u00e7\u00e3o de conhecimento de excel\u00eancia.<\/p>\n\n\n\n<p>Durante o evento, o coordenador do Programa de Mestrado e Doutorado em Direito da UEL, Dr. Clodomiro Bannwart, e o coordenador do Programa de P\u00f3s-Gradua\u00e7\u00e3o em Filosofia Pol\u00edtica e Jur\u00eddica, Dr. Elve Cenci, reuniram-se com a diretora da Faculdade de Direito da Universidade Federal Fluminense (UFF), Profa. Dra. Fernanda Pontes Pimentel, e com os professores Dr. Gilvan Luiz Hansen, que atua na gradua\u00e7\u00e3o e na p\u00f3s-gradua\u00e7\u00e3o da UFF, e Dr. Eder Fernandes Monica, tamb\u00e9m da Faculdade de Direito da Universidade Federal Fluminense (UFF).<\/p>\n\n\n\n<p>Na reuni\u00e3o trataram de a\u00e7\u00f5es conjuntas voltadas \u00e0 internacionaliza\u00e7\u00e3o da pesquisa, promo\u00e7\u00e3o de eventos cient\u00edficos e a consolida\u00e7\u00e3o de uma rede de colabora\u00e7\u00e3o acad\u00eamica entre as institui\u00e7\u00f5es. A parceria entre UEL e UFF, j\u00e1 tradicional, foi reafirmada com novos encaminhamentos para atender \u00e0s diretrizes da CAPES relacionadas \u00e0 internacionaliza\u00e7\u00e3o e pesquisas em rede. O encontro foi considerado altamente produtivo e alinhado \u00e0s metas institucionais dos Programas envolvidos.<\/p>\n\n\n\n<p>O primeiro dia de atividades contou com palestras que estimularam o debate cr\u00edtico entre estudantes, docentes e pesquisadores. O egresso do Mestrado em Direito da UEL, Eder Fernandes Monica, apresentou reflex\u00f5es sobre a digitaliza\u00e7\u00e3o contempor\u00e2nea a partir de sua obra Sujeito de Direito Digital: A nova governamentalidade do sujeito na era digital.<\/p>\n\n\n\n<p>Na sequ\u00eancia, a professora Dra. Fernanda Pontes Pimentel discutiu o tema \u201cDesafios das IAs na Advocacia e no Direito\u201d, ressaltando a import\u00e2ncia do uso respons\u00e1vel e \u00e9tico das tecnologias de intelig\u00eancia artificial no ambiente jur\u00eddico.<\/p>\n\n\n\n<p>Encerrando a noite, o professor Dr. Cl\u00e1udio Ladeira, da Universidade Federal de Santa Catarina (UFSC), ministrou a palestra \u201cJurisdi\u00e7\u00e3o constitucional e democracia: Habermas versus Carl Schmitt\u201d.<\/p>\n\n\n\n<p>Os temas despertaram intenso debate entre os participantes.<\/p>\n\n\n\n<p>O segundo dia do evento foi marcado por homenagens especiais. A servidora Zaneti Corr\u00eaa da Silva, do Centro de Estudos Sociais Aplicados (CESA), recebeu honrosa homenagem de reconhecimento pelos 50 anos de dedica\u00e7\u00e3o \u00e0 UEL. Tamb\u00e9m foi homenageado o professor Dr. Gilvan Luiz Hansen, em raz\u00e3o de sua trajet\u00f3ria acad\u00eamica exemplar e de sua relevante contribui\u00e7\u00e3o ao ensino filos\u00f3fico e jur\u00eddico.<\/p>\n\n\n\n<p>O professor Dr. Gilvan Hansen proferiu a confer\u00eancia \u201cDemocracia e modernidade: Utopia no s\u00e9culo XXI?\u201d, encerrando o evento com brilhantismo e instigando importantes reflex\u00f5es sobre os rumos da democracia contempor\u00e2nea. O evento Di\u00e1logos Filos\u00f3ficos e Jur\u00eddicos consolidou-se como um espa\u00e7o de troca intelectual, confraterniza\u00e7\u00e3o e celebra\u00e7\u00e3o da produ\u00e7\u00e3o cient\u00edfica. A UEL agradece a participa\u00e7\u00e3o de todos que contribu\u00edram para o sucesso desta edi\u00e7\u00e3o.<\/p>\n\n\n\n<figure class=\"wp-block-image size-large is-resized\"><img loading=\"lazy\" decoding=\"async\" width=\"1024\" height=\"664\" src=\"https:\/\/pos.uel.br\/direito-negocial\/wp-content\/uploads\/2025\/11\/Captura-de-Tela-2025-11-17-a\u0300s-11.10.35-1024x664.png\" alt=\"\" class=\"wp-image-3709\" style=\"width:501px;height:auto\" srcset=\"https:\/\/pos.uel.br\/direito-negocial\/wp-content\/uploads\/2025\/11\/Captura-de-Tela-2025-11-17-a\u0300s-11.10.35-1024x664.png 1024w, https:\/\/pos.uel.br\/direito-negocial\/wp-content\/uploads\/2025\/11\/Captura-de-Tela-2025-11-17-a\u0300s-11.10.35-300x195.png 300w, https:\/\/pos.uel.br\/direito-negocial\/wp-content\/uploads\/2025\/11\/Captura-de-Tela-2025-11-17-a\u0300s-11.10.35-768x498.png 768w, https:\/\/pos.uel.br\/direito-negocial\/wp-content\/uploads\/2025\/11\/Captura-de-Tela-2025-11-17-a\u0300s-11.10.35.png 1360w\" sizes=\"auto, (max-width: 1024px) 100vw, 1024px\" \/><\/figure>\n\n\n\n<figure class=\"wp-block-image size-large is-resized\"><img loading=\"lazy\" decoding=\"async\" width=\"1024\" height=\"412\" src=\"https:\/\/pos.uel.br\/direito-negocial\/wp-content\/uploads\/2025\/11\/Captura-de-Tela-2025-11-17-a\u0300s-11.07.19-1024x412.png\" alt=\"\" class=\"wp-image-3711\" style=\"width:645px;height:auto\" srcset=\"https:\/\/pos.uel.br\/direito-negocial\/wp-content\/uploads\/2025\/11\/Captura-de-Tela-2025-11-17-a\u0300s-11.07.19-1024x412.png 1024w, https:\/\/pos.uel.br\/direito-negocial\/wp-content\/uploads\/2025\/11\/Captura-de-Tela-2025-11-17-a\u0300s-11.07.19-300x121.png 300w, https:\/\/pos.uel.br\/direito-negocial\/wp-content\/uploads\/2025\/11\/Captura-de-Tela-2025-11-17-a\u0300s-11.07.19-768x309.png 768w, https:\/\/pos.uel.br\/direito-negocial\/wp-content\/uploads\/2025\/11\/Captura-de-Tela-2025-11-17-a\u0300s-11.07.19.png 1362w\" sizes=\"auto, (max-width: 1024px) 100vw, 1024px\" \/><\/figure>\n\n\n\n<figure class=\"wp-block-image size-large is-resized\"><img loading=\"lazy\" decoding=\"async\" width=\"1024\" height=\"1005\" src=\"https:\/\/pos.uel.br\/direito-negocial\/wp-content\/uploads\/2025\/11\/Captura-de-Tela-2025-11-17-a\u0300s-08.47.04-1024x1005.png\" alt=\"\" class=\"wp-image-3712\" style=\"width:476px;height:auto\" srcset=\"https:\/\/pos.uel.br\/direito-negocial\/wp-content\/uploads\/2025\/11\/Captura-de-Tela-2025-11-17-a\u0300s-08.47.04-1024x1005.png 1024w, https:\/\/pos.uel.br\/direito-negocial\/wp-content\/uploads\/2025\/11\/Captura-de-Tela-2025-11-17-a\u0300s-08.47.04-300x294.png 300w, https:\/\/pos.uel.br\/direito-negocial\/wp-content\/uploads\/2025\/11\/Captura-de-Tela-2025-11-17-a\u0300s-08.47.04-768x754.png 768w, https:\/\/pos.uel.br\/direito-negocial\/wp-content\/uploads\/2025\/11\/Captura-de-Tela-2025-11-17-a\u0300s-08.47.04.png 1412w\" sizes=\"auto, (max-width: 1024px) 100vw, 1024px\" \/><\/figure>\n\n\n\n<figure class=\"wp-block-image size-large is-resized\"><img loading=\"lazy\" decoding=\"async\" width=\"971\" height=\"1024\" src=\"https:\/\/pos.uel.br\/direito-negocial\/wp-content\/uploads\/2025\/11\/Captura-de-Tela-2025-11-17-a\u0300s-08.46.47-971x1024.png\" alt=\"\" class=\"wp-image-3713\" style=\"width:475px;height:auto\" srcset=\"https:\/\/pos.uel.br\/direito-negocial\/wp-content\/uploads\/2025\/11\/Captura-de-Tela-2025-11-17-a\u0300s-08.46.47-971x1024.png 971w, https:\/\/pos.uel.br\/direito-negocial\/wp-content\/uploads\/2025\/11\/Captura-de-Tela-2025-11-17-a\u0300s-08.46.47-285x300.png 285w, https:\/\/pos.uel.br\/direito-negocial\/wp-content\/uploads\/2025\/11\/Captura-de-Tela-2025-11-17-a\u0300s-08.46.47-768x810.png 768w, https:\/\/pos.uel.br\/direito-negocial\/wp-content\/uploads\/2025\/11\/Captura-de-Tela-2025-11-17-a\u0300s-08.46.47.png 1398w\" sizes=\"auto, (max-width: 971px) 100vw, 971px\" \/><\/figure>\n\n\n\n<figure class=\"wp-block-image size-full is-resized\"><img loading=\"lazy\" decoding=\"async\" width=\"738\" height=\"778\" src=\"https:\/\/pos.uel.br\/direito-negocial\/wp-content\/uploads\/2025\/11\/Captura-de-Tela-2025-11-17-a\u0300s-11.16.23.png\" alt=\"\" class=\"wp-image-3714\" style=\"width:499px;height:auto\" srcset=\"https:\/\/pos.uel.br\/direito-negocial\/wp-content\/uploads\/2025\/11\/Captura-de-Tela-2025-11-17-a\u0300s-11.16.23.png 738w, https:\/\/pos.uel.br\/direito-negocial\/wp-content\/uploads\/2025\/11\/Captura-de-Tela-2025-11-17-a\u0300s-11.16.23-285x300.png 285w\" sizes=\"auto, (max-width: 738px) 100vw, 738px\" \/><\/figure>\n\n\n\n<figure class=\"wp-block-image size-full is-resized\"><img loading=\"lazy\" decoding=\"async\" width=\"780\" height=\"852\" src=\"https:\/\/pos.uel.br\/direito-negocial\/wp-content\/uploads\/2025\/11\/Captura-de-Tela-2025-11-17-a\u0300s-11.17.10.png\" alt=\"\" class=\"wp-image-3715\" style=\"width:501px;height:auto\" srcset=\"https:\/\/pos.uel.br\/direito-negocial\/wp-content\/uploads\/2025\/11\/Captura-de-Tela-2025-11-17-a\u0300s-11.17.10.png 780w, https:\/\/pos.uel.br\/direito-negocial\/wp-content\/uploads\/2025\/11\/Captura-de-Tela-2025-11-17-a\u0300s-11.17.10-275x300.png 275w, https:\/\/pos.uel.br\/direito-negocial\/wp-content\/uploads\/2025\/11\/Captura-de-Tela-2025-11-17-a\u0300s-11.17.10-768x839.png 768w\" sizes=\"auto, (max-width: 780px) 100vw, 780px\" \/><\/figure>\n\n\n\n<figure class=\"wp-block-image size-large is-resized\"><img loading=\"lazy\" decoding=\"async\" width=\"1024\" height=\"628\" src=\"https:\/\/pos.uel.br\/direito-negocial\/wp-content\/uploads\/2025\/11\/Captura-de-Tela-2025-11-17-a\u0300s-11.17.33-1024x628.png\" alt=\"\" class=\"wp-image-3716\" style=\"width:504px;height:auto\" srcset=\"https:\/\/pos.uel.br\/direito-negocial\/wp-content\/uploads\/2025\/11\/Captura-de-Tela-2025-11-17-a\u0300s-11.17.33-1024x628.png 1024w, https:\/\/pos.uel.br\/direito-negocial\/wp-content\/uploads\/2025\/11\/Captura-de-Tela-2025-11-17-a\u0300s-11.17.33-300x184.png 300w, https:\/\/pos.uel.br\/direito-negocial\/wp-content\/uploads\/2025\/11\/Captura-de-Tela-2025-11-17-a\u0300s-11.17.33-768x471.png 768w, https:\/\/pos.uel.br\/direito-negocial\/wp-content\/uploads\/2025\/11\/Captura-de-Tela-2025-11-17-a\u0300s-11.17.33.png 1354w\" sizes=\"auto, (max-width: 1024px) 100vw, 1024px\" \/><\/figure>\n\n\n\n<figure class=\"wp-block-image size-full is-resized\"><img loading=\"lazy\" decoding=\"async\" width=\"666\" height=\"444\" src=\"https:\/\/pos.uel.br\/direito-negocial\/wp-content\/uploads\/2025\/11\/WhatsApp-Image-2025-11-17-at-11.21.08.jpeg\" alt=\"\" class=\"wp-image-3717\" style=\"width:506px;height:auto\" srcset=\"https:\/\/pos.uel.br\/direito-negocial\/wp-content\/uploads\/2025\/11\/WhatsApp-Image-2025-11-17-at-11.21.08.jpeg 666w, https:\/\/pos.uel.br\/direito-negocial\/wp-content\/uploads\/2025\/11\/WhatsApp-Image-2025-11-17-at-11.21.08-300x200.jpeg 300w\" sizes=\"auto, (max-width: 666px) 100vw, 666px\" \/><\/figure>\n\n\n\n<figure class=\"wp-block-image size-large is-resized\"><img loading=\"lazy\" decoding=\"async\" width=\"1024\" height=\"577\" src=\"https:\/\/pos.uel.br\/direito-negocial\/wp-content\/uploads\/2025\/11\/Captura-de-Tela-2025-11-17-a\u0300s-11.25.28-1024x577.png\" alt=\"\" class=\"wp-image-3718\" style=\"width:522px;height:auto\" srcset=\"https:\/\/pos.uel.br\/direito-negocial\/wp-content\/uploads\/2025\/11\/Captura-de-Tela-2025-11-17-a\u0300s-11.25.28-1024x577.png 1024w, https:\/\/pos.uel.br\/direito-negocial\/wp-content\/uploads\/2025\/11\/Captura-de-Tela-2025-11-17-a\u0300s-11.25.28-300x169.png 300w, https:\/\/pos.uel.br\/direito-negocial\/wp-content\/uploads\/2025\/11\/Captura-de-Tela-2025-11-17-a\u0300s-11.25.28-768x433.png 768w, https:\/\/pos.uel.br\/direito-negocial\/wp-content\/uploads\/2025\/11\/Captura-de-Tela-2025-11-17-a\u0300s-11.25.28-1536x865.png 1536w, https:\/\/pos.uel.br\/direito-negocial\/wp-content\/uploads\/2025\/11\/Captura-de-Tela-2025-11-17-a\u0300s-11.25.28.png 1800w\" sizes=\"auto, (max-width: 1024px) 100vw, 1024px\" \/><\/figure>\n","protected":false},"excerpt":{"rendered":"<p>Nos dias 13 e 14 de novembro de 2025, o programa de p\u00f3s gradua\u00e7\u00e3o em direito Negocial e a Especializa\u00e7\u00e3o em filosofia pol\u00edtica e Jur\u00eddica da Universidade Estadual de Londrina promoveram mais uma edi\u00e7\u00e3o do evento Di\u00e1logos Filos\u00f3ficos e Jur\u00eddicos, reafirmando o compromisso com a integra\u00e7\u00e3o acad\u00eamica e a produ\u00e7\u00e3o de conhecimento de excel\u00eancia. Durante [&hellip;]<\/p>\n","protected":false},"author":9,"featured_media":3715,"comment_status":"open","ping_status":"open","sticky":false,"template":"","format":"standard","meta":{"_acf_changed":false,"footnotes":""},"categories":[1],"tags":[],"class_list":["post-3708","post","type-post","status-publish","format-standard","has-post-thumbnail","hentry","category-sem-categoria"],"acf":[],"_links":{"self":[{"href":"https:\/\/pos.uel.br\/direito-negocial\/wp-json\/wp\/v2\/posts\/3708","targetHints":{"allow":["GET"]}}],"collection":[{"href":"https:\/\/pos.uel.br\/direito-negocial\/wp-json\/wp\/v2\/posts"}],"about":[{"href":"https:\/\/pos.uel.br\/direito-negocial\/wp-json\/wp\/v2\/types\/post"}],"author":[{"embeddable":true,"href":"https:\/\/pos.uel.br\/direito-negocial\/wp-json\/wp\/v2\/users\/9"}],"replies":[{"embeddable":true,"href":"https:\/\/pos.uel.br\/direito-negocial\/wp-json\/wp\/v2\/comments?post=3708"}],"version-history":[{"count":1,"href":"https:\/\/pos.uel.br\/direito-negocial\/wp-json\/wp\/v2\/posts\/3708\/revisions"}],"predecessor-version":[{"id":3719,"href":"https:\/\/pos.uel.br\/direito-negocial\/wp-json\/wp\/v2\/posts\/3708\/revisions\/3719"}],"wp:featuredmedia":[{"embeddable":true,"href":"https:\/\/pos.uel.br\/direito-negocial\/wp-json\/wp\/v2\/media\/3715"}],"wp:attachment":[{"href":"https:\/\/pos.uel.br\/direito-negocial\/wp-json\/wp\/v2\/media?parent=3708"}],"wp:term":[{"taxonomy":"category","embeddable":true,"href":"https:\/\/pos.uel.br\/direito-negocial\/wp-json\/wp\/v2\/categories?post=3708"},{"taxonomy":"post_tag","embeddable":true,"href":"https:\/\/pos.uel.br\/direito-negocial\/wp-json\/wp\/v2\/tags?post=3708"}],"curies":[{"name":"wp","href":"https:\/\/api.w.org\/{rel}","templated":true}]}}