{"id":3698,"date":"2025-11-10T14:24:32","date_gmt":"2025-11-10T17:24:32","guid":{"rendered":"https:\/\/pos.uel.br\/direito-negocial\/?p=3698"},"modified":"2025-11-10T19:27:18","modified_gmt":"2025-11-10T22:27:18","slug":"congresso-em-parceria-com-o-programa-de-pos-graduacao-em-direito-negocial-da-uel-reune-especialistas-para-discutir-temas-do-agronegocio","status":"publish","type":"post","link":"https:\/\/pos.uel.br\/direito-negocial\/noticias-ppgdn\/eventos\/2025\/11\/10\/congresso-em-parceria-com-o-programa-de-pos-graduacao-em-direito-negocial-da-uel-reune-especialistas-para-discutir-temas-do-agronegocio\/","title":{"rendered":"Congresso em parceria com o Programa de P\u00f3s-Gradua\u00e7\u00e3o em Direito Negocial da UEL re\u00fane especialistas para discutir temas do agroneg\u00f3cio"},"content":{"rendered":"\n<p>Nos dias 24 e 25 de novembro de 2025, ser\u00e1 realizado o Congresso em parceria com o Programa de P\u00f3s-Gradua\u00e7\u00e3o em Direito Negocial da Universidade Estadual de Londrina (PPGDN). O evento tem como objetivo difundir conhecimento cient\u00edfico por meio de palestras ministradas por profissionais, pesquisadores e discentes da institui\u00e7\u00e3o, fortalecendo o di\u00e1logo entre a academia e o setor produtivo.<\/p>\n\n\n\n<p>A abertura ocorrer\u00e1 no dia 24 de novembro, a partir das 18h30, com o credenciamento e, em seguida, o lan\u00e7amento do livro da mestre pela UEL e doutoranda pela UFPR, Rafaela Parra. A noite segue com o painel \u201cRegularidade Ambiental para Concess\u00e3o de Cr\u00e9dito Rural\u201d, que contar\u00e1 com a participa\u00e7\u00e3o de Samanta Pineda, Renato Buranello e \u00c1gide Eduardo Meneguette, sob media\u00e7\u00e3o de Maria Fernanda Messagi.<\/p>\n\n\n\n<p>A programa\u00e7\u00e3o do dia 25 de novembro inicia \u00e0s 8h30, com a palestra \u201cEndividamento do Produtor Rural\u201d, ministrada por Guilherme Medeiros, Tobias Marini de Salles Luz e Frederico Alves, com media\u00e7\u00e3o de Dinarte Bitencourt. \u00c0s 10h30, ocorre o painel \u201cRecupera\u00e7\u00e3o do Produtor Rural\u201d, com Adriano Martins, Suzana Valenza Petry e Alan Mincache, mediado por Jo\u00e3o Vitor Rocha.<br>Encerrando o ciclo de palestras, \u00e0s 19h, ser\u00e1 realizado o painel \u201cPlanejamento Sucess\u00f3rio no Agroneg\u00f3cio\u201d, com L\u00edbera Copetti Truzzi, Rodolfo Ciciliato e Arthur Lustosa, sob media\u00e7\u00e3o de Marcelle Chicarelli da Costa.<\/p>\n\n\n\n<p>Durante a tarde, das 14h30 \u00e0s 17h, acontece o Evento Cient\u00edfico, que contar\u00e1 com a apresenta\u00e7\u00e3o de artigos, resumos expandidos e resumos simples. Os trabalhos abordar\u00e3o temas jur\u00eddicos contempor\u00e2neos, organizados em Grupos de Trabalho (GTs), distribu\u00eddos nas seguintes \u00e1reas:<\/p>\n\n\n\n<p>Direito Privado e Sucess\u00f3rio no Agroneg\u00f3cio<\/p>\n\n\n\n<p>Direito P\u00fablico, Tribut\u00e1rio e Regula\u00e7\u00e3o do Agroneg\u00f3cio<\/p>\n\n\n\n<p>Direito Ambiental, Sustentabilidade e Fun\u00e7\u00e3o Social da Propriedade Rural<\/p>\n\n\n\n<p>Insolv\u00eancia e Recupera\u00e7\u00e3o Judicial no Agroneg\u00f3cio<\/p>\n\n\n\n<p>O Congresso contar\u00e1 com a participa\u00e7\u00e3o de diversos representantes do PPGDN\/UEL. Rafaela Parra e Rodolfo Ciciliato s\u00e3o egressos do Programa, mestres pela casa. Arthur Lustosa Strozzi \u00e9 mestre e doutorando pelo PPGDN, enquanto Marcelle Chicarelli da Costa \u00e9 mestranda do Programa. Com uma programa\u00e7\u00e3o diversa e qualificada, o Congresso reafirma a relev\u00e2ncia do PPGDN\/UEL na constru\u00e7\u00e3o de um pensamento jur\u00eddico cr\u00edtico e conectado \u00e0 realidade do campo e dos neg\u00f3cios rurais.<\/p>\n\n\n<div class=\"wp-block-image\">\n<figure class=\"aligncenter size-large\"><img loading=\"lazy\" decoding=\"async\" width=\"819\" height=\"1024\" src=\"https:\/\/pos.uel.br\/direito-negocial\/wp-content\/uploads\/2025\/11\/WhatsApp-Image-2025-11-10-at-14.18.30-819x1024.jpeg\" alt=\"\" class=\"wp-image-3699\" srcset=\"https:\/\/pos.uel.br\/direito-negocial\/wp-content\/uploads\/2025\/11\/WhatsApp-Image-2025-11-10-at-14.18.30-819x1024.jpeg 819w, https:\/\/pos.uel.br\/direito-negocial\/wp-content\/uploads\/2025\/11\/WhatsApp-Image-2025-11-10-at-14.18.30-240x300.jpeg 240w, https:\/\/pos.uel.br\/direito-negocial\/wp-content\/uploads\/2025\/11\/WhatsApp-Image-2025-11-10-at-14.18.30-768x960.jpeg 768w, https:\/\/pos.uel.br\/direito-negocial\/wp-content\/uploads\/2025\/11\/WhatsApp-Image-2025-11-10-at-14.18.30.jpeg 1080w\" sizes=\"auto, (max-width: 819px) 100vw, 819px\" \/><\/figure>\n<\/div>\n\n\n<div class=\"wp-block-buttons alignwide is-content-justification-center is-layout-flex wp-container-core-buttons-is-layout-16018d1d wp-block-buttons-is-layout-flex\">\n<div class=\"wp-block-button\"><a class=\"wp-block-button__link wp-element-button\" href=\"https:\/\/portal.uel.br\/evento\/encontro-cientifico-do-vi-congresso-paranaense-de-direito-do-agronegocio-da-cdaa-londrina-em-parceria-com-o-programa-de-mestrado-e-doutorado-em-direito-negocial-da-uel\/\">Inscreva-se no Encontro Cient\u00edfico<\/a><\/div>\n<\/div>\n\n\n\n<hr class=\"wp-block-separator has-alpha-channel-opacity\" \/>\n\n\n\n<div class=\"wp-block-buttons alignwide is-content-justification-center is-layout-flex wp-container-core-buttons-is-layout-16018d1d wp-block-buttons-is-layout-flex\">\n<div class=\"wp-block-button\"><a class=\"wp-block-button__link wp-element-button\" href=\"https:\/\/drive.google.com\/file\/d\/1U_gU_emWlpPoTrc6CXfLVNZz-oEwpNYw\/view?usp=sharing\">Acesse o edital completo<\/a><\/div>\n<\/div>\n\n\n\n<hr class=\"wp-block-separator has-alpha-channel-opacity\" \/>\n\n\n\n<div class=\"wp-block-buttons alignwide is-content-justification-center is-layout-flex wp-container-core-buttons-is-layout-16018d1d wp-block-buttons-is-layout-flex\">\n<div class=\"wp-block-button\"><a class=\"wp-block-button__link wp-element-button\" href=\"https:\/\/www.sympla.com.br\/evento\/vi-congresso-paranaense-de-direito-agrario-e-do-agronegocio\/3148370\">Inscreva-se no Congresso<\/a><\/div>\n<\/div>\n","protected":false},"excerpt":{"rendered":"<p>Nos dias 24 e 25 de novembro de 2025, ser\u00e1 realizado o Congresso em parceria com o Programa de P\u00f3s-Gradua\u00e7\u00e3o em Direito Negocial da Universidade Estadual de Londrina (PPGDN). O evento tem como objetivo difundir conhecimento cient\u00edfico por meio de palestras ministradas por profissionais, pesquisadores e discentes da institui\u00e7\u00e3o, fortalecendo o di\u00e1logo entre a academia e o setor produtivo.<\/p>\n","protected":false},"author":14,"featured_media":3699,"comment_status":"open","ping_status":"open","sticky":false,"template":"","format":"standard","meta":{"_acf_changed":false,"footnotes":""},"categories":[30],"tags":[],"class_list":["post-3698","post","type-post","status-publish","format-standard","has-post-thumbnail","hentry","category-eventos"],"acf":[],"_links":{"self":[{"href":"https:\/\/pos.uel.br\/direito-negocial\/wp-json\/wp\/v2\/posts\/3698","targetHints":{"allow":["GET"]}}],"collection":[{"href":"https:\/\/pos.uel.br\/direito-negocial\/wp-json\/wp\/v2\/posts"}],"about":[{"href":"https:\/\/pos.uel.br\/direito-negocial\/wp-json\/wp\/v2\/types\/post"}],"author":[{"embeddable":true,"href":"https:\/\/pos.uel.br\/direito-negocial\/wp-json\/wp\/v2\/users\/14"}],"replies":[{"embeddable":true,"href":"https:\/\/pos.uel.br\/direito-negocial\/wp-json\/wp\/v2\/comments?post=3698"}],"version-history":[{"count":3,"href":"https:\/\/pos.uel.br\/direito-negocial\/wp-json\/wp\/v2\/posts\/3698\/revisions"}],"predecessor-version":[{"id":3703,"href":"https:\/\/pos.uel.br\/direito-negocial\/wp-json\/wp\/v2\/posts\/3698\/revisions\/3703"}],"wp:featuredmedia":[{"embeddable":true,"href":"https:\/\/pos.uel.br\/direito-negocial\/wp-json\/wp\/v2\/media\/3699"}],"wp:attachment":[{"href":"https:\/\/pos.uel.br\/direito-negocial\/wp-json\/wp\/v2\/media?parent=3698"}],"wp:term":[{"taxonomy":"category","embeddable":true,"href":"https:\/\/pos.uel.br\/direito-negocial\/wp-json\/wp\/v2\/categories?post=3698"},{"taxonomy":"post_tag","embeddable":true,"href":"https:\/\/pos.uel.br\/direito-negocial\/wp-json\/wp\/v2\/tags?post=3698"}],"curies":[{"name":"wp","href":"https:\/\/api.w.org\/{rel}","templated":true}]}}