{"id":3694,"date":"2025-11-10T14:16:45","date_gmt":"2025-11-10T17:16:45","guid":{"rendered":"https:\/\/pos.uel.br\/direito-negocial\/?p=3694"},"modified":"2025-11-10T14:16:45","modified_gmt":"2025-11-10T17:16:45","slug":"lancamento-do-livro-do-acesso-a-justica-no-direito-das-familias-e-sucessoes-volume-v-acontece-nesta-segunda-feira-na-uel","status":"publish","type":"post","link":"https:\/\/pos.uel.br\/direito-negocial\/noticias-ppgdn\/registros\/2025\/11\/10\/lancamento-do-livro-do-acesso-a-justica-no-direito-das-familias-e-sucessoes-volume-v-acontece-nesta-segunda-feira-na-uel\/","title":{"rendered":"Lan\u00e7amento do Livro \u201cDo Acesso \u00e0 Justi\u00e7a no Direito das Fam\u00edlias e Sucess\u00f5es \u2013 Volume V\u201d acontece nesta segunda-feira na UEL"},"content":{"rendered":"\n<p>Nesta segunda-feira, 10 de novembro, \u00e0s 9h, foi realizado o lan\u00e7amento do livro \u201cDo Acesso \u00e0 Justi\u00e7a no Direito das Fam\u00edlias e Sucess\u00f5es \u2013 Volume V\u201d, no anfiteatro do CESA (Centro de Estudos Sociais Aplicados) da Universidade Estadual de Londrina (UEL).<\/p>\n\n\n\n<p>A obra, publicada pela Editora Thoth, \u00e9 coordenada por Rozane da Rosa Cachapuz e organizada por Jos\u00e9 Ricardo Suter, M\u00e1rcia Cristina Mileski Martins, La\u00eds Alves de Oliveira, Marina Milena Gasparoto Pascualini, Marcelo Augusto da Silva e Pedro Egydio Valle de Souza.<\/p>\n\n\n\n<p>O livro re\u00fane pesquisas e reflex\u00f5es sobre o acesso \u00e0 justi\u00e7a no \u00e2mbito do Direito das Fam\u00edlias e Sucess\u00f5es, abordando temas contempor\u00e2neos e relevantes \u00e0 pr\u00e1tica jur\u00eddica e ao debate acad\u00eamico.<\/p>\n\n\n\n<p>O evento faz parte da s\u00e9rie de lan\u00e7amentos que marcam o fortalecimento das produ\u00e7\u00f5es cient\u00edficas do Programa de P\u00f3s-Gradua\u00e7\u00e3o em Direito Negocial da UEL, incentivando a integra\u00e7\u00e3o entre docentes, discentes e egressos na produ\u00e7\u00e3o de conhecimento cr\u00edtico e aplicado.<\/p>\n\n\n\n<p>A obra estar\u00e1 dispon\u00edvel para aquisi\u00e7\u00e3o em formato f\u00edsico e e-book, diretamente no site da Editora Thoth.<\/p>\n\n\n<div class=\"wp-block-image\">\n<figure class=\"aligncenter size-large\"><img loading=\"lazy\" decoding=\"async\" width=\"771\" height=\"1029\" src=\"https:\/\/pos.uel.br\/direito-negocial\/wp-content\/uploads\/2025\/11\/WhatsApp-Image-2025-11-10-at-14.12.52-edited.jpeg\" alt=\"\" class=\"wp-image-3696\" srcset=\"https:\/\/pos.uel.br\/direito-negocial\/wp-content\/uploads\/2025\/11\/WhatsApp-Image-2025-11-10-at-14.12.52-edited.jpeg 771w, https:\/\/pos.uel.br\/direito-negocial\/wp-content\/uploads\/2025\/11\/WhatsApp-Image-2025-11-10-at-14.12.52-edited-225x300.jpeg 225w, https:\/\/pos.uel.br\/direito-negocial\/wp-content\/uploads\/2025\/11\/WhatsApp-Image-2025-11-10-at-14.12.52-edited-767x1024.jpeg 767w, https:\/\/pos.uel.br\/direito-negocial\/wp-content\/uploads\/2025\/11\/WhatsApp-Image-2025-11-10-at-14.12.52-edited-768x1025.jpeg 768w\" sizes=\"auto, (max-width: 771px) 100vw, 771px\" \/><\/figure>\n<\/div>\n\n\n<p class=\"has-text-align-right\">Data: 10 de novembro de 2025<\/p>\n\n\n\n<p class=\"has-text-align-right\">Fonte: Comunica\u00e7\u00e3o PPGDN<\/p>\n\n\n\n<p><\/p>\n","protected":false},"excerpt":{"rendered":"<p>Nesta segunda-feira, 10 de novembro, \u00e0s 9h, foi realizado o lan\u00e7amento do livro \u201cDo Acesso \u00e0 Justi\u00e7a no Direito das Fam\u00edlias e Sucess\u00f5es \u2013 Volume V\u201d, no anfiteatro do CESA (Centro de Estudos Sociais Aplicados) da Universidade Estadual de Londrina (UEL).<\/p>\n","protected":false},"author":14,"featured_media":3696,"comment_status":"open","ping_status":"open","sticky":false,"template":"","format":"standard","meta":{"_acf_changed":false,"footnotes":""},"categories":[18],"tags":[],"class_list":["post-3694","post","type-post","status-publish","format-standard","has-post-thumbnail","hentry","category-registros"],"acf":[],"_links":{"self":[{"href":"https:\/\/pos.uel.br\/direito-negocial\/wp-json\/wp\/v2\/posts\/3694","targetHints":{"allow":["GET"]}}],"collection":[{"href":"https:\/\/pos.uel.br\/direito-negocial\/wp-json\/wp\/v2\/posts"}],"about":[{"href":"https:\/\/pos.uel.br\/direito-negocial\/wp-json\/wp\/v2\/types\/post"}],"author":[{"embeddable":true,"href":"https:\/\/pos.uel.br\/direito-negocial\/wp-json\/wp\/v2\/users\/14"}],"replies":[{"embeddable":true,"href":"https:\/\/pos.uel.br\/direito-negocial\/wp-json\/wp\/v2\/comments?post=3694"}],"version-history":[{"count":1,"href":"https:\/\/pos.uel.br\/direito-negocial\/wp-json\/wp\/v2\/posts\/3694\/revisions"}],"predecessor-version":[{"id":3697,"href":"https:\/\/pos.uel.br\/direito-negocial\/wp-json\/wp\/v2\/posts\/3694\/revisions\/3697"}],"wp:featuredmedia":[{"embeddable":true,"href":"https:\/\/pos.uel.br\/direito-negocial\/wp-json\/wp\/v2\/media\/3696"}],"wp:attachment":[{"href":"https:\/\/pos.uel.br\/direito-negocial\/wp-json\/wp\/v2\/media?parent=3694"}],"wp:term":[{"taxonomy":"category","embeddable":true,"href":"https:\/\/pos.uel.br\/direito-negocial\/wp-json\/wp\/v2\/categories?post=3694"},{"taxonomy":"post_tag","embeddable":true,"href":"https:\/\/pos.uel.br\/direito-negocial\/wp-json\/wp\/v2\/tags?post=3694"}],"curies":[{"name":"wp","href":"https:\/\/api.w.org\/{rel}","templated":true}]}}