{"id":3684,"date":"2025-11-05T17:23:53","date_gmt":"2025-11-05T20:23:53","guid":{"rendered":"https:\/\/pos.uel.br\/direito-negocial\/?p=3684"},"modified":"2025-11-05T17:23:53","modified_gmt":"2025-11-05T20:23:53","slug":"ppgdn-uel-e-universidade-de-arequipa-peru-lancam-obra-colaborativa-sobre-desafios-constitucionais","status":"publish","type":"post","link":"https:\/\/pos.uel.br\/direito-negocial\/noticias-ppgdn\/2025\/11\/05\/ppgdn-uel-e-universidade-de-arequipa-peru-lancam-obra-colaborativa-sobre-desafios-constitucionais\/","title":{"rendered":"PPGDN-UEL e Universidade de Arequipa (Peru) lan\u00e7am obra colaborativa sobre desafios constitucionais"},"content":{"rendered":"\n<p>Fruto de uma parceria de internacionaliza\u00e7\u00e3o acad\u00eamica iniciada em 2023, o Programa de P\u00f3s-Gradua\u00e7\u00e3o em Direito Negocial (PPGDN) da Universidade Estadual de Londrina (UEL) e a Universidad Cat\u00f3lica Santa Mar\u00eda (UCSM) de Arequipa, Peru, anunciam o lan\u00e7amento da obra colaborativa &#8220;Hist\u00f3ria e Desafios Contempor\u00e2neos das Constitui\u00e7\u00f5es do Peru e do Brasil&#8221;.<br>O livro \u00e9 um marco do acordo de coopera\u00e7\u00e3o interinstitucional firmado entre as universidades e re\u00fane, ao longo de cap\u00edtulos em espanhol e portugu\u00eas, reflex\u00f5es de pesquisadores e doutorandos de ambos os pa\u00edses.<br>A publica\u00e7\u00e3o aborda temas centrais do constitucionalismo contempor\u00e2neo, analisando desde influ\u00eancias hist\u00f3ricas at\u00e9 desafios atuais como direitos humanos, justi\u00e7a ecol\u00f3gica, o impacto da intelig\u00eancia artificial no acesso \u00e0 justi\u00e7a e a fun\u00e7\u00e3o social da propriedade. A obra representa um ponto de partida para novos di\u00e1logos e parcerias, refor\u00e7ando o constitucionalismo como uma pr\u00e1tica transformadora.<\/p>\n\n\n\n<p>A obra est\u00e1 publicada gratuitamente e de livre acesso pelo portal de publica\u00e7\u00f5es do site do PPGDN-UEL.<\/p>\n\n\n\n<div class=\"wp-block-buttons is-layout-flex wp-block-buttons-is-layout-flex\">\n<div class=\"wp-block-button\"><a class=\"wp-block-button__link wp-element-button\" href=\"https:\/\/pos.uel.br\/direito-negocial\/wp-content\/uploads\/2025\/11\/AREQUIPA_completo_p2.pdf\">Clique aqui para acessar a obra<\/a><\/div>\n<\/div>\n\n\n\n<p><\/p>\n","protected":false},"excerpt":{"rendered":"<p>Fruto de uma parceria de internacionaliza\u00e7\u00e3o acad\u00eamica iniciada em 2023, o Programa de P\u00f3s-Gradua\u00e7\u00e3o em Direito Negocial (PPGDN) da Universidade Estadual de Londrina (UEL) e a Universidad Cat\u00f3lica Santa Mar\u00eda (UCSM) de Arequipa, Peru, anunciam o lan\u00e7amento da obra colaborativa &#8220;Hist\u00f3ria e Desafios Contempor\u00e2neos das Constitui\u00e7\u00f5es do Peru e do Brasil&#8221;.O livro \u00e9 um marco [&hellip;]<\/p>\n","protected":false},"author":16,"featured_media":3681,"comment_status":"open","ping_status":"open","sticky":false,"template":"","format":"standard","meta":{"_acf_changed":false,"footnotes":""},"categories":[19,12],"tags":[],"class_list":["post-3684","post","type-post","status-publish","format-standard","has-post-thumbnail","hentry","category-lancamentos","category-noticias-ppgdn"],"acf":[],"_links":{"self":[{"href":"https:\/\/pos.uel.br\/direito-negocial\/wp-json\/wp\/v2\/posts\/3684","targetHints":{"allow":["GET"]}}],"collection":[{"href":"https:\/\/pos.uel.br\/direito-negocial\/wp-json\/wp\/v2\/posts"}],"about":[{"href":"https:\/\/pos.uel.br\/direito-negocial\/wp-json\/wp\/v2\/types\/post"}],"author":[{"embeddable":true,"href":"https:\/\/pos.uel.br\/direito-negocial\/wp-json\/wp\/v2\/users\/16"}],"replies":[{"embeddable":true,"href":"https:\/\/pos.uel.br\/direito-negocial\/wp-json\/wp\/v2\/comments?post=3684"}],"version-history":[{"count":1,"href":"https:\/\/pos.uel.br\/direito-negocial\/wp-json\/wp\/v2\/posts\/3684\/revisions"}],"predecessor-version":[{"id":3685,"href":"https:\/\/pos.uel.br\/direito-negocial\/wp-json\/wp\/v2\/posts\/3684\/revisions\/3685"}],"wp:featuredmedia":[{"embeddable":true,"href":"https:\/\/pos.uel.br\/direito-negocial\/wp-json\/wp\/v2\/media\/3681"}],"wp:attachment":[{"href":"https:\/\/pos.uel.br\/direito-negocial\/wp-json\/wp\/v2\/media?parent=3684"}],"wp:term":[{"taxonomy":"category","embeddable":true,"href":"https:\/\/pos.uel.br\/direito-negocial\/wp-json\/wp\/v2\/categories?post=3684"},{"taxonomy":"post_tag","embeddable":true,"href":"https:\/\/pos.uel.br\/direito-negocial\/wp-json\/wp\/v2\/tags?post=3684"}],"curies":[{"name":"wp","href":"https:\/\/api.w.org\/{rel}","templated":true}]}}