{"id":3669,"date":"2025-11-05T14:32:53","date_gmt":"2025-11-05T17:32:53","guid":{"rendered":"https:\/\/pos.uel.br\/direito-negocial\/?p=3669"},"modified":"2025-11-06T10:24:16","modified_gmt":"2025-11-06T13:24:16","slug":"professora-e-discentes-do-ppgdn-participam-do-xv-congresso-brasileiro-de-direito-das-familias-e-sucessoes-do-ibdfam","status":"publish","type":"post","link":"https:\/\/pos.uel.br\/direito-negocial\/sem-categoria\/2025\/11\/05\/professora-e-discentes-do-ppgdn-participam-do-xv-congresso-brasileiro-de-direito-das-familias-e-sucessoes-do-ibdfam\/","title":{"rendered":"Docente e discentes do Programa de P\u00f3s-Gradua\u00e7\u00e3o em Direito Negocial (PPGDN) da Universidade Estadual de Londrina participam do XV Congresso Brasileiro de Direito das Fam\u00edlias e das Sucess\u00f5es do IBDFAM"},"content":{"rendered":"\n<p>O Programa de P\u00f3s-Gradua\u00e7\u00e3o em Direito Negocial (PPGDN) da Universidade Estadual de Londrina marcou presen\u00e7a no XV Congresso Brasileiro de Direito das Fam\u00edlias e das Sucess\u00f5es, o maior evento jur\u00eddico nacional voltado \u00e0s tem\u00e1ticas do Direito das Fam\u00edlias e das Sucess\u00f5es, promovido pelo Instituto Brasileiro de Direito de Fam\u00edlia (IBDFAM), realizado entre os dias 29 e 31 de outubro, em Belo Horizonte (MG).<\/p>\n\n\n\n<p>Entre os palestrantes, destacou-se a professora Dra. Daniela Braga Paiano, professora do PPGDN, que apresentou a palestra \u201cMultiparentalidade \u2013 o que os n\u00fameros nos mostram\u201d, na qual analisou, sob uma perspectiva cr\u00edtica e emp\u00edrica, os dados que evidenciam a consolida\u00e7\u00e3o da multiparentalidade no ordenamento jur\u00eddico brasileiro.<\/p>\n\n\n\n<p>O PPGDN foi representado pelos doutorandos Isabela Nabas Schiavon, Arthur Lustosa Strozzi, Guilherme Henrique Giacomino Ferreira, e pela mestranda Marcelle Chicarelli da Costa, que acompanharam as atividades e contribu\u00edram para a difus\u00e3o das pesquisas desenvolvidas no \u00e2mbito do PPGDN.<\/p>\n\n\n\n<p>Durante o evento, os doutorandos Isabela Nabas Schiavon e Arthur Lustosa Strozzi em conjunto com a professora Daniela Braga Paiano participaram do podcast do IBDFAM que abordou o tema da Contratualiza\u00e7\u00e3o no Direito das Fam\u00edlias e das Sucess\u00f5es, contribuindo para o debate sobre as novas din\u00e2micas familiares no contexto jur\u00eddico atual.<\/p>\n\n\n\n<p>Durante o evento, tamb\u00e9m foi lan\u00e7ado o livro \u201cVida Privada, Patrim\u00f4nio e Tecnologia \u2013 Novos Desafios para o Direito de Fam\u00edlia e das Sucess\u00f5es\u201d, organizado por Marcos Ehrhardt J\u00fanior e Marcos Catalan, com a participa\u00e7\u00e3o das professoras Daniela Paiano e Rita Tarifa Espolador, ambas docentes do PPGDN.<\/p>\n\n\n\n<p>A expressiva participa\u00e7\u00e3o de docentes e discentes do PPGDN no congresso reafirma o compromisso do programa com a produ\u00e7\u00e3o cient\u00edfica de excel\u00eancia e com a reflex\u00e3o cr\u00edtica sobre os desafios contempor\u00e2neos do Direito das Fam\u00edlias e das Sucess\u00f5es.<\/p>\n\n\n\n<figure class=\"wp-block-gallery has-nested-images columns-default is-cropped wp-block-gallery-1 is-layout-flex wp-block-gallery-is-layout-flex\">\n<figure class=\"wp-block-image size-large\"><img loading=\"lazy\" decoding=\"async\" width=\"576\" height=\"1024\" data-id=\"3670\" src=\"https:\/\/pos.uel.br\/direito-negocial\/wp-content\/uploads\/2025\/11\/WhatsApp-Image-2025-11-03-at-10.49.32-576x1024.jpeg\" alt=\"\" class=\"wp-image-3670\" srcset=\"https:\/\/pos.uel.br\/direito-negocial\/wp-content\/uploads\/2025\/11\/WhatsApp-Image-2025-11-03-at-10.49.32-576x1024.jpeg 576w, https:\/\/pos.uel.br\/direito-negocial\/wp-content\/uploads\/2025\/11\/WhatsApp-Image-2025-11-03-at-10.49.32-169x300.jpeg 169w, https:\/\/pos.uel.br\/direito-negocial\/wp-content\/uploads\/2025\/11\/WhatsApp-Image-2025-11-03-at-10.49.32.jpeg 720w\" sizes=\"auto, (max-width: 576px) 100vw, 576px\" \/><\/figure>\n\n\n\n<figure class=\"wp-block-image size-large\"><img loading=\"lazy\" decoding=\"async\" width=\"768\" height=\"1024\" data-id=\"3673\" src=\"https:\/\/pos.uel.br\/direito-negocial\/wp-content\/uploads\/2025\/11\/WhatsApp-Image-2025-11-03-at-10.50.09-768x1024.jpeg\" alt=\"\" class=\"wp-image-3673\" srcset=\"https:\/\/pos.uel.br\/direito-negocial\/wp-content\/uploads\/2025\/11\/WhatsApp-Image-2025-11-03-at-10.50.09-768x1024.jpeg 768w, https:\/\/pos.uel.br\/direito-negocial\/wp-content\/uploads\/2025\/11\/WhatsApp-Image-2025-11-03-at-10.50.09-225x300.jpeg 225w, https:\/\/pos.uel.br\/direito-negocial\/wp-content\/uploads\/2025\/11\/WhatsApp-Image-2025-11-03-at-10.50.09.jpeg 960w\" sizes=\"auto, (max-width: 768px) 100vw, 768px\" \/><\/figure>\n\n\n\n<figure class=\"wp-block-image size-large\"><img loading=\"lazy\" decoding=\"async\" width=\"768\" height=\"1024\" data-id=\"3671\" src=\"https:\/\/pos.uel.br\/direito-negocial\/wp-content\/uploads\/2025\/11\/WhatsApp-Image-2025-11-03-at-11.01.09-1-768x1024.jpeg\" alt=\"\" class=\"wp-image-3671\" srcset=\"https:\/\/pos.uel.br\/direito-negocial\/wp-content\/uploads\/2025\/11\/WhatsApp-Image-2025-11-03-at-11.01.09-1-768x1024.jpeg 768w, https:\/\/pos.uel.br\/direito-negocial\/wp-content\/uploads\/2025\/11\/WhatsApp-Image-2025-11-03-at-11.01.09-1-225x300.jpeg 225w, https:\/\/pos.uel.br\/direito-negocial\/wp-content\/uploads\/2025\/11\/WhatsApp-Image-2025-11-03-at-11.01.09-1.jpeg 960w\" sizes=\"auto, (max-width: 768px) 100vw, 768px\" \/><\/figure>\n\n\n\n<figure class=\"wp-block-image size-large\"><img loading=\"lazy\" decoding=\"async\" width=\"768\" height=\"1024\" data-id=\"3674\" src=\"https:\/\/pos.uel.br\/direito-negocial\/wp-content\/uploads\/2025\/11\/WhatsApp-Image-2025-11-03-at-11.01.09-768x1024.jpeg\" alt=\"\" class=\"wp-image-3674\" srcset=\"https:\/\/pos.uel.br\/direito-negocial\/wp-content\/uploads\/2025\/11\/WhatsApp-Image-2025-11-03-at-11.01.09-768x1024.jpeg 768w, https:\/\/pos.uel.br\/direito-negocial\/wp-content\/uploads\/2025\/11\/WhatsApp-Image-2025-11-03-at-11.01.09-225x300.jpeg 225w, https:\/\/pos.uel.br\/direito-negocial\/wp-content\/uploads\/2025\/11\/WhatsApp-Image-2025-11-03-at-11.01.09-1152x1536.jpeg 1152w, https:\/\/pos.uel.br\/direito-negocial\/wp-content\/uploads\/2025\/11\/WhatsApp-Image-2025-11-03-at-11.01.09.jpeg 1200w\" sizes=\"auto, (max-width: 768px) 100vw, 768px\" \/><\/figure>\n\n\n\n<figure class=\"wp-block-image size-large\"><img loading=\"lazy\" decoding=\"async\" width=\"682\" height=\"1024\" data-id=\"3672\" src=\"https:\/\/pos.uel.br\/direito-negocial\/wp-content\/uploads\/2025\/11\/WhatsApp-Image-2025-11-03-at-11.01.10-1-682x1024.jpeg\" alt=\"\" class=\"wp-image-3672\" srcset=\"https:\/\/pos.uel.br\/direito-negocial\/wp-content\/uploads\/2025\/11\/WhatsApp-Image-2025-11-03-at-11.01.10-1-682x1024.jpeg 682w, https:\/\/pos.uel.br\/direito-negocial\/wp-content\/uploads\/2025\/11\/WhatsApp-Image-2025-11-03-at-11.01.10-1-200x300.jpeg 200w, https:\/\/pos.uel.br\/direito-negocial\/wp-content\/uploads\/2025\/11\/WhatsApp-Image-2025-11-03-at-11.01.10-1-768x1153.jpeg 768w, https:\/\/pos.uel.br\/direito-negocial\/wp-content\/uploads\/2025\/11\/WhatsApp-Image-2025-11-03-at-11.01.10-1-1023x1536.jpeg 1023w, https:\/\/pos.uel.br\/direito-negocial\/wp-content\/uploads\/2025\/11\/WhatsApp-Image-2025-11-03-at-11.01.10-1.jpeg 1066w\" sizes=\"auto, (max-width: 682px) 100vw, 682px\" \/><\/figure>\n\n\n\n<figure class=\"wp-block-image size-large\"><img loading=\"lazy\" decoding=\"async\" width=\"768\" height=\"1024\" data-id=\"3675\" src=\"https:\/\/pos.uel.br\/direito-negocial\/wp-content\/uploads\/2025\/11\/WhatsApp-Image-2025-11-03-at-11.01.10-768x1024.jpeg\" alt=\"\" class=\"wp-image-3675\" srcset=\"https:\/\/pos.uel.br\/direito-negocial\/wp-content\/uploads\/2025\/11\/WhatsApp-Image-2025-11-03-at-11.01.10-768x1024.jpeg 768w, https:\/\/pos.uel.br\/direito-negocial\/wp-content\/uploads\/2025\/11\/WhatsApp-Image-2025-11-03-at-11.01.10-225x300.jpeg 225w, https:\/\/pos.uel.br\/direito-negocial\/wp-content\/uploads\/2025\/11\/WhatsApp-Image-2025-11-03-at-11.01.10.jpeg 960w\" sizes=\"auto, (max-width: 768px) 100vw, 768px\" \/><\/figure>\n\n\n\n<figure class=\"wp-block-image size-large\"><img loading=\"lazy\" decoding=\"async\" width=\"768\" height=\"1024\" data-id=\"3676\" src=\"https:\/\/pos.uel.br\/direito-negocial\/wp-content\/uploads\/2025\/11\/WhatsApp-Image-2025-11-03-at-11.01.11-768x1024.jpeg\" alt=\"\" class=\"wp-image-3676\" srcset=\"https:\/\/pos.uel.br\/direito-negocial\/wp-content\/uploads\/2025\/11\/WhatsApp-Image-2025-11-03-at-11.01.11-768x1024.jpeg 768w, https:\/\/pos.uel.br\/direito-negocial\/wp-content\/uploads\/2025\/11\/WhatsApp-Image-2025-11-03-at-11.01.11-225x300.jpeg 225w, https:\/\/pos.uel.br\/direito-negocial\/wp-content\/uploads\/2025\/11\/WhatsApp-Image-2025-11-03-at-11.01.11-1152x1536.jpeg 1152w, https:\/\/pos.uel.br\/direito-negocial\/wp-content\/uploads\/2025\/11\/WhatsApp-Image-2025-11-03-at-11.01.11-1536x2048.jpeg 1536w, https:\/\/pos.uel.br\/direito-negocial\/wp-content\/uploads\/2025\/11\/WhatsApp-Image-2025-11-03-at-11.01.11-scaled.jpeg 1920w\" sizes=\"auto, (max-width: 768px) 100vw, 768px\" \/><\/figure>\n<\/figure>\n","protected":false},"excerpt":{"rendered":"<p>O Programa de P\u00f3s-Gradua\u00e7\u00e3o em Direito Negocial (PPGDN) da Universidade Estadual de Londrina marcou presen\u00e7a no XV Congresso Brasileiro de Direito das Fam\u00edlias e das Sucess\u00f5es, o maior evento jur\u00eddico nacional voltado \u00e0s tem\u00e1ticas do Direito das Fam\u00edlias e das Sucess\u00f5es, promovido pelo Instituto Brasileiro de Direito de Fam\u00edlia (IBDFAM), realizado entre os dias 29 [&hellip;]<\/p>\n","protected":false},"author":32,"featured_media":3673,"comment_status":"open","ping_status":"open","sticky":false,"template":"","format":"standard","meta":{"_acf_changed":false,"footnotes":""},"categories":[1],"tags":[],"class_list":["post-3669","post","type-post","status-publish","format-standard","has-post-thumbnail","hentry","category-sem-categoria"],"acf":[],"_links":{"self":[{"href":"https:\/\/pos.uel.br\/direito-negocial\/wp-json\/wp\/v2\/posts\/3669","targetHints":{"allow":["GET"]}}],"collection":[{"href":"https:\/\/pos.uel.br\/direito-negocial\/wp-json\/wp\/v2\/posts"}],"about":[{"href":"https:\/\/pos.uel.br\/direito-negocial\/wp-json\/wp\/v2\/types\/post"}],"author":[{"embeddable":true,"href":"https:\/\/pos.uel.br\/direito-negocial\/wp-json\/wp\/v2\/users\/32"}],"replies":[{"embeddable":true,"href":"https:\/\/pos.uel.br\/direito-negocial\/wp-json\/wp\/v2\/comments?post=3669"}],"version-history":[{"count":2,"href":"https:\/\/pos.uel.br\/direito-negocial\/wp-json\/wp\/v2\/posts\/3669\/revisions"}],"predecessor-version":[{"id":3687,"href":"https:\/\/pos.uel.br\/direito-negocial\/wp-json\/wp\/v2\/posts\/3669\/revisions\/3687"}],"wp:featuredmedia":[{"embeddable":true,"href":"https:\/\/pos.uel.br\/direito-negocial\/wp-json\/wp\/v2\/media\/3673"}],"wp:attachment":[{"href":"https:\/\/pos.uel.br\/direito-negocial\/wp-json\/wp\/v2\/media?parent=3669"}],"wp:term":[{"taxonomy":"category","embeddable":true,"href":"https:\/\/pos.uel.br\/direito-negocial\/wp-json\/wp\/v2\/categories?post=3669"},{"taxonomy":"post_tag","embeddable":true,"href":"https:\/\/pos.uel.br\/direito-negocial\/wp-json\/wp\/v2\/tags?post=3669"}],"curies":[{"name":"wp","href":"https:\/\/api.w.org\/{rel}","templated":true}]}}